{"id":7101,"date":"2023-06-30T10:00:13","date_gmt":"2023-06-30T13:00:13","guid":{"rendered":"https:\/\/iballester.edu.ar\/?p=7101"},"modified":"2023-07-18T11:46:38","modified_gmt":"2023-07-18T14:46:38","slug":"camino-a-la-secundaria","status":"publish","type":"post","link":"https:\/\/iballester.edu.ar\/de\/camino-a-la-secundaria\/","title":{"rendered":"Camino a la Secundaria"},"content":{"rendered":"<p>Esta tarde vivimos un encuentro muy esperado&#8230;<\/p>\n<p>Los alumnos de los 6tos. a\u00f1os de Villa Adelina y de Villa Ballester compartieron el almuerzo y luego la Tarde Deportiva en las instalaciones de Villa Adelina.<\/p>\n<p>El entusiasmo, la intriga, la curiosidad y la alegr\u00eda por esta actividad en conjunto palpitaban desde temprano.<\/p>\n<p>Al llegar a la escuela comenzaron las miradas, los primeros intercambios y, de la mano de los Profesores, arranc\u00f3 la actividad en equipos.<\/p>\n<p>Nos llevamos las risas\u00a0 y nuevos v\u00ednculos que crecer\u00e1n en el tiempo&#8230;<\/p>\n<p>Compartimos algunas im\u00e1genes de este maravilloso d\u00eda.<\/p>\n<p>Saludos cordiales<br \/>\n<em>Equipo Directivo<\/em><\/p>\n<p>&nbsp;<\/p>\n<p><strong>Sobre la Actividad:<\/strong><\/p>\n<p>Las jornadas de integraci\u00f3n entre alumnos de primaria y alumnos de secundaria son una actividad organizada por el Instituto Ballester Deutsche Schule, para promover el conocimiento mutuo entre los alumnos de los dos niveles educativos. Estas jornadas pueden tener diferentes formatos, pero suelen incluir actividades como juegos, talleres, visitas culturales o deportivas.<\/p>\n<p>Los objetivos de estas jornadas de integraci\u00f3n son:<\/p>\n<p>* Fomentar el conocimiento mutuo entre los alumnos de los dos niveles educativos.<br \/>\n* Ayudar a los alumnos de secundaria a aprender a ser tutores de los alumnos de primaria.<br \/>\n* Ayudar a los alumnos de primaria a sentirse m\u00e1s motivados y preparados para el paso a la secundaria.<br \/>\n* Crear un ambiente de colaboraci\u00f3n y cooperaci\u00f3n entre los dos niveles educativos.<\/p>\n<p>Las actividades de integraci\u00f3n suelen ser una experiencia muy positiva para los alumnos de ambos niveles educativos. Pueden ayudar a los alumnos de secundaria a desarrollar sus habilidades de liderazgo y trabajo en equipo, y pueden ayudar a los alumnos de primaria a sentirse m\u00e1s seguros y preparados para el futuro.<\/p>\n<p>&nbsp;<\/p>\n","protected":false},"excerpt":{"rendered":"<p>Los alumnos de los 6tos. a\u00f1os de Villa Adelina y de Villa Ballester compartieron el almuerzo y luego la Tarde Deportiva como proceso de integraci\u00f3n para el primer a\u00f1o de secundaria.<\/p>\n","protected":false},"author":2,"featured_media":7103,"comment_status":"closed","ping_status":"closed","sticky":false,"template":"","format":"gallery","meta":{"_joinchat":[],"footnotes":""},"categories":[1],"tags":[107,155],"class_list":["post-7101","post","type-post","status-publish","format-gallery","has-post-thumbnail","hentry","category-generales","tag-educacion-primaria","tag-secundaria","post_format-post-format-gallery"],"yoast_head":"<!-- This site is optimized with the Yoast SEO plugin v27.4 - https:\/\/yoast.com\/product\/yoast-seo-wordpress\/ -->\n<title>Camino a la Secundaria<\/title>\n<meta name=\"robots\" content=\"index, follow, max-snippet:-1, max-image-preview:large, max-video-preview:-1\" \/>\n<link rel=\"canonical\" href=\"https:\/\/iballester.edu.ar\/camino-a-la-secundaria\/\" \/>\n<meta property=\"og:locale\" content=\"de_DE\" \/>\n<meta property=\"og:type\" content=\"article\" \/>\n<meta property=\"og:title\" content=\"Camino a la Secundaria\" \/>\n<meta property=\"og:description\" content=\"Los alumnos de los 6tos. a\u00f1os de Villa Adelina y de Villa Ballester compartieron el almuerzo y luego la Tarde Deportiva como proceso de integraci\u00f3n para el primer a\u00f1o de secundaria.\" \/>\n<meta property=\"og:url\" content=\"https:\/\/iballester.edu.ar\/camino-a-la-secundaria\/\" \/>\n<meta property=\"og:site_name\" content=\"Instituto Ballester\" \/>\n<meta property=\"article:publisher\" content=\"https:\/\/www.facebook.com\/iballesterDS\" \/>\n<meta property=\"article:published_time\" content=\"2023-06-30T13:00:13+00:00\" \/>\n<meta property=\"article:modified_time\" content=\"2023-07-18T14:46:38+00:00\" \/>\n<meta property=\"og:image\" content=\"https:\/\/iballester.edu.ar\/wp-content\/uploads\/2023\/07\/camino-a-la-secundaria_01.jpg\" \/>\n\t<meta property=\"og:image:width\" content=\"1024\" \/>\n\t<meta property=\"og:image:height\" content=\"768\" \/>\n\t<meta property=\"og:image:type\" content=\"image\/jpeg\" \/>\n<meta name=\"author\" content=\"Christian\" \/>\n<meta name=\"twitter:card\" content=\"summary_large_image\" \/>\n<meta name=\"twitter:label1\" content=\"Verfasst von\" \/>\n\t<meta name=\"twitter:data1\" content=\"Christian\" \/>\n\t<meta name=\"twitter:label2\" content=\"Gesch\u00e4tzte Lesezeit\" \/>\n\t<meta name=\"twitter:data2\" content=\"1\u00a0Minute\" \/>\n<script type=\"application\/ld+json\" class=\"yoast-schema-graph\">{\"@context\":\"https:\\\/\\\/schema.org\",\"@graph\":[{\"@type\":\"Article\",\"@id\":\"https:\\\/\\\/iballester.edu.ar\\\/camino-a-la-secundaria\\\/#article\",\"isPartOf\":{\"@id\":\"https:\\\/\\\/iballester.edu.ar\\\/camino-a-la-secundaria\\\/\"},\"author\":{\"name\":\"Christian\",\"@id\":\"https:\\\/\\\/www.iballester.edu.ar\\\/de\\\/#\\\/schema\\\/person\\\/11d2b393acc7e159aa66c01abcbd2022\"},\"headline\":\"Camino a la Secundaria\",\"datePublished\":\"2023-06-30T13:00:13+00:00\",\"dateModified\":\"2023-07-18T14:46:38+00:00\",\"mainEntityOfPage\":{\"@id\":\"https:\\\/\\\/iballester.edu.ar\\\/camino-a-la-secundaria\\\/\"},\"wordCount\":288,\"publisher\":{\"@id\":\"https:\\\/\\\/www.iballester.edu.ar\\\/de\\\/#organization\"},\"image\":{\"@id\":\"https:\\\/\\\/iballester.edu.ar\\\/camino-a-la-secundaria\\\/#primaryimage\"},\"thumbnailUrl\":\"https:\\\/\\\/iballester.edu.ar\\\/wp-content\\\/uploads\\\/2023\\\/07\\\/camino-a-la-secundaria_01.jpg\",\"keywords\":[\"educacion primaria\",\"secundaria\"],\"articleSection\":[\"Generales\"],\"inLanguage\":\"de\"},{\"@type\":\"WebPage\",\"@id\":\"https:\\\/\\\/iballester.edu.ar\\\/camino-a-la-secundaria\\\/\",\"url\":\"https:\\\/\\\/iballester.edu.ar\\\/camino-a-la-secundaria\\\/\",\"name\":\"Camino a la Secundaria\",\"isPartOf\":{\"@id\":\"https:\\\/\\\/www.iballester.edu.ar\\\/de\\\/#website\"},\"primaryImageOfPage\":{\"@id\":\"https:\\\/\\\/iballester.edu.ar\\\/camino-a-la-secundaria\\\/#primaryimage\"},\"image\":{\"@id\":\"https:\\\/\\\/iballester.edu.ar\\\/camino-a-la-secundaria\\\/#primaryimage\"},\"thumbnailUrl\":\"https:\\\/\\\/iballester.edu.ar\\\/wp-content\\\/uploads\\\/2023\\\/07\\\/camino-a-la-secundaria_01.jpg\",\"datePublished\":\"2023-06-30T13:00:13+00:00\",\"dateModified\":\"2023-07-18T14:46:38+00:00\",\"breadcrumb\":{\"@id\":\"https:\\\/\\\/iballester.edu.ar\\\/camino-a-la-secundaria\\\/#breadcrumb\"},\"inLanguage\":\"de\",\"potentialAction\":[{\"@type\":\"ReadAction\",\"target\":[\"https:\\\/\\\/iballester.edu.ar\\\/camino-a-la-secundaria\\\/\"]}]},{\"@type\":\"ImageObject\",\"inLanguage\":\"de\",\"@id\":\"https:\\\/\\\/iballester.edu.ar\\\/camino-a-la-secundaria\\\/#primaryimage\",\"url\":\"https:\\\/\\\/iballester.edu.ar\\\/wp-content\\\/uploads\\\/2023\\\/07\\\/camino-a-la-secundaria_01.jpg\",\"contentUrl\":\"https:\\\/\\\/iballester.edu.ar\\\/wp-content\\\/uploads\\\/2023\\\/07\\\/camino-a-la-secundaria_01.jpg\",\"width\":1024,\"height\":768},{\"@type\":\"BreadcrumbList\",\"@id\":\"https:\\\/\\\/iballester.edu.ar\\\/camino-a-la-secundaria\\\/#breadcrumb\",\"itemListElement\":[{\"@type\":\"ListItem\",\"position\":1,\"name\":\"Portada\",\"item\":\"https:\\\/\\\/iballester.edu.ar\\\/de\\\/\"},{\"@type\":\"ListItem\",\"position\":2,\"name\":\"Camino a la Secundaria\"}]},{\"@type\":\"WebSite\",\"@id\":\"https:\\\/\\\/www.iballester.edu.ar\\\/de\\\/#website\",\"url\":\"https:\\\/\\\/www.iballester.edu.ar\\\/de\\\/\",\"name\":\"Instituto Ballester Deutsche Schule\",\"description\":\"\",\"publisher\":{\"@id\":\"https:\\\/\\\/www.iballester.edu.ar\\\/de\\\/#organization\"},\"alternateName\":\"IBallester\",\"potentialAction\":[{\"@type\":\"SearchAction\",\"target\":{\"@type\":\"EntryPoint\",\"urlTemplate\":\"https:\\\/\\\/www.iballester.edu.ar\\\/de\\\/?s={search_term_string}\"},\"query-input\":{\"@type\":\"PropertyValueSpecification\",\"valueRequired\":true,\"valueName\":\"search_term_string\"}}],\"inLanguage\":\"de\"},{\"@type\":\"Organization\",\"@id\":\"https:\\\/\\\/www.iballester.edu.ar\\\/de\\\/#organization\",\"name\":\"Instituto Ballester Deutsche Schule\",\"alternateName\":\"IBallester\",\"url\":\"https:\\\/\\\/www.iballester.edu.ar\\\/de\\\/\",\"logo\":{\"@type\":\"ImageObject\",\"inLanguage\":\"de\",\"@id\":\"https:\\\/\\\/www.iballester.edu.ar\\\/de\\\/#\\\/schema\\\/logo\\\/image\\\/\",\"url\":\"https:\\\/\\\/iballester.edu.ar\\\/wp-content\\\/uploads\\\/2023\\\/07\\\/IBallester-logo-meta.jpg\",\"contentUrl\":\"https:\\\/\\\/iballester.edu.ar\\\/wp-content\\\/uploads\\\/2023\\\/07\\\/IBallester-logo-meta.jpg\",\"width\":1920,\"height\":1080,\"caption\":\"Instituto Ballester Deutsche Schule\"},\"image\":{\"@id\":\"https:\\\/\\\/www.iballester.edu.ar\\\/de\\\/#\\\/schema\\\/logo\\\/image\\\/\"},\"sameAs\":[\"https:\\\/\\\/www.facebook.com\\\/iballesterDS\",\"https:\\\/\\\/www.instagram.com\\\/iballesteroficial\\\/\",\"https:\\\/\\\/www.youtube.com\\\/@IBallesterDS\",\"https:\\\/\\\/www.linkedin.com\\\/in\\\/instituto-ballester-deutsche-schule-310b89128\\\/\"]},{\"@type\":\"Person\",\"@id\":\"https:\\\/\\\/www.iballester.edu.ar\\\/de\\\/#\\\/schema\\\/person\\\/11d2b393acc7e159aa66c01abcbd2022\",\"name\":\"Christian\",\"image\":{\"@type\":\"ImageObject\",\"inLanguage\":\"de\",\"@id\":\"https:\\\/\\\/secure.gravatar.com\\\/avatar\\\/dd30bd59edf92ce4a04782e3a8acff1c4d4764bac83b2bd2a3792ab809d068e7?s=96&d=mm&r=g\",\"url\":\"https:\\\/\\\/secure.gravatar.com\\\/avatar\\\/dd30bd59edf92ce4a04782e3a8acff1c4d4764bac83b2bd2a3792ab809d068e7?s=96&d=mm&r=g\",\"contentUrl\":\"https:\\\/\\\/secure.gravatar.com\\\/avatar\\\/dd30bd59edf92ce4a04782e3a8acff1c4d4764bac83b2bd2a3792ab809d068e7?s=96&d=mm&r=g\",\"caption\":\"Christian\"}}]}<\/script>\n<!-- \/ Yoast SEO plugin. -->","yoast_head_json":{"title":"Camino a la Secundaria","robots":{"index":"index","follow":"follow","max-snippet":"max-snippet:-1","max-image-preview":"max-image-preview:large","max-video-preview":"max-video-preview:-1"},"canonical":"https:\/\/iballester.edu.ar\/camino-a-la-secundaria\/","og_locale":"de_DE","og_type":"article","og_title":"Camino a la Secundaria","og_description":"Los alumnos de los 6tos. a\u00f1os de Villa Adelina y de Villa Ballester compartieron el almuerzo y luego la Tarde Deportiva como proceso de integraci\u00f3n para el primer a\u00f1o de secundaria.","og_url":"https:\/\/iballester.edu.ar\/camino-a-la-secundaria\/","og_site_name":"Instituto Ballester","article_publisher":"https:\/\/www.facebook.com\/iballesterDS","article_published_time":"2023-06-30T13:00:13+00:00","article_modified_time":"2023-07-18T14:46:38+00:00","og_image":[{"width":1024,"height":768,"url":"https:\/\/iballester.edu.ar\/wp-content\/uploads\/2023\/07\/camino-a-la-secundaria_01.jpg","type":"image\/jpeg"}],"author":"Christian","twitter_card":"summary_large_image","twitter_misc":{"Verfasst von":"Christian","Gesch\u00e4tzte Lesezeit":"1\u00a0Minute"},"schema":{"@context":"https:\/\/schema.org","@graph":[{"@type":"Article","@id":"https:\/\/iballester.edu.ar\/camino-a-la-secundaria\/#article","isPartOf":{"@id":"https:\/\/iballester.edu.ar\/camino-a-la-secundaria\/"},"author":{"name":"Christian","@id":"https:\/\/www.iballester.edu.ar\/de\/#\/schema\/person\/11d2b393acc7e159aa66c01abcbd2022"},"headline":"Camino a la Secundaria","datePublished":"2023-06-30T13:00:13+00:00","dateModified":"2023-07-18T14:46:38+00:00","mainEntityOfPage":{"@id":"https:\/\/iballester.edu.ar\/camino-a-la-secundaria\/"},"wordCount":288,"publisher":{"@id":"https:\/\/www.iballester.edu.ar\/de\/#organization"},"image":{"@id":"https:\/\/iballester.edu.ar\/camino-a-la-secundaria\/#primaryimage"},"thumbnailUrl":"https:\/\/iballester.edu.ar\/wp-content\/uploads\/2023\/07\/camino-a-la-secundaria_01.jpg","keywords":["educacion primaria","secundaria"],"articleSection":["Generales"],"inLanguage":"de"},{"@type":"WebPage","@id":"https:\/\/iballester.edu.ar\/camino-a-la-secundaria\/","url":"https:\/\/iballester.edu.ar\/camino-a-la-secundaria\/","name":"Camino a la Secundaria","isPartOf":{"@id":"https:\/\/www.iballester.edu.ar\/de\/#website"},"primaryImageOfPage":{"@id":"https:\/\/iballester.edu.ar\/camino-a-la-secundaria\/#primaryimage"},"image":{"@id":"https:\/\/iballester.edu.ar\/camino-a-la-secundaria\/#primaryimage"},"thumbnailUrl":"https:\/\/iballester.edu.ar\/wp-content\/uploads\/2023\/07\/camino-a-la-secundaria_01.jpg","datePublished":"2023-06-30T13:00:13+00:00","dateModified":"2023-07-18T14:46:38+00:00","breadcrumb":{"@id":"https:\/\/iballester.edu.ar\/camino-a-la-secundaria\/#breadcrumb"},"inLanguage":"de","potentialAction":[{"@type":"ReadAction","target":["https:\/\/iballester.edu.ar\/camino-a-la-secundaria\/"]}]},{"@type":"ImageObject","inLanguage":"de","@id":"https:\/\/iballester.edu.ar\/camino-a-la-secundaria\/#primaryimage","url":"https:\/\/iballester.edu.ar\/wp-content\/uploads\/2023\/07\/camino-a-la-secundaria_01.jpg","contentUrl":"https:\/\/iballester.edu.ar\/wp-content\/uploads\/2023\/07\/camino-a-la-secundaria_01.jpg","width":1024,"height":768},{"@type":"BreadcrumbList","@id":"https:\/\/iballester.edu.ar\/camino-a-la-secundaria\/#breadcrumb","itemListElement":[{"@type":"ListItem","position":1,"name":"Portada","item":"https:\/\/iballester.edu.ar\/de\/"},{"@type":"ListItem","position":2,"name":"Camino a la Secundaria"}]},{"@type":"WebSite","@id":"https:\/\/www.iballester.edu.ar\/de\/#website","url":"https:\/\/www.iballester.edu.ar\/de\/","name":"Instituto Ballester Deutsche Schule","description":"","publisher":{"@id":"https:\/\/www.iballester.edu.ar\/de\/#organization"},"alternateName":"IBallester","potentialAction":[{"@type":"SearchAction","target":{"@type":"EntryPoint","urlTemplate":"https:\/\/www.iballester.edu.ar\/de\/?s={search_term_string}"},"query-input":{"@type":"PropertyValueSpecification","valueRequired":true,"valueName":"search_term_string"}}],"inLanguage":"de"},{"@type":"Organization","@id":"https:\/\/www.iballester.edu.ar\/de\/#organization","name":"Instituto Ballester Deutsche Schule","alternateName":"IBallester","url":"https:\/\/www.iballester.edu.ar\/de\/","logo":{"@type":"ImageObject","inLanguage":"de","@id":"https:\/\/www.iballester.edu.ar\/de\/#\/schema\/logo\/image\/","url":"https:\/\/iballester.edu.ar\/wp-content\/uploads\/2023\/07\/IBallester-logo-meta.jpg","contentUrl":"https:\/\/iballester.edu.ar\/wp-content\/uploads\/2023\/07\/IBallester-logo-meta.jpg","width":1920,"height":1080,"caption":"Instituto Ballester Deutsche Schule"},"image":{"@id":"https:\/\/www.iballester.edu.ar\/de\/#\/schema\/logo\/image\/"},"sameAs":["https:\/\/www.facebook.com\/iballesterDS","https:\/\/www.instagram.com\/iballesteroficial\/","https:\/\/www.youtube.com\/@IBallesterDS","https:\/\/www.linkedin.com\/in\/instituto-ballester-deutsche-schule-310b89128\/"]},{"@type":"Person","@id":"https:\/\/www.iballester.edu.ar\/de\/#\/schema\/person\/11d2b393acc7e159aa66c01abcbd2022","name":"Christian","image":{"@type":"ImageObject","inLanguage":"de","@id":"https:\/\/secure.gravatar.com\/avatar\/dd30bd59edf92ce4a04782e3a8acff1c4d4764bac83b2bd2a3792ab809d068e7?s=96&d=mm&r=g","url":"https:\/\/secure.gravatar.com\/avatar\/dd30bd59edf92ce4a04782e3a8acff1c4d4764bac83b2bd2a3792ab809d068e7?s=96&d=mm&r=g","contentUrl":"https:\/\/secure.gravatar.com\/avatar\/dd30bd59edf92ce4a04782e3a8acff1c4d4764bac83b2bd2a3792ab809d068e7?s=96&d=mm&r=g","caption":"Christian"}}]}},"_links":{"self":[{"href":"https:\/\/iballester.edu.ar\/de\/wp-json\/wp\/v2\/posts\/7101","targetHints":{"allow":["GET"]}}],"collection":[{"href":"https:\/\/iballester.edu.ar\/de\/wp-json\/wp\/v2\/posts"}],"about":[{"href":"https:\/\/iballester.edu.ar\/de\/wp-json\/wp\/v2\/types\/post"}],"author":[{"embeddable":true,"href":"https:\/\/iballester.edu.ar\/de\/wp-json\/wp\/v2\/users\/2"}],"replies":[{"embeddable":true,"href":"https:\/\/iballester.edu.ar\/de\/wp-json\/wp\/v2\/comments?post=7101"}],"version-history":[{"count":0,"href":"https:\/\/iballester.edu.ar\/de\/wp-json\/wp\/v2\/posts\/7101\/revisions"}],"wp:featuredmedia":[{"embeddable":true,"href":"https:\/\/iballester.edu.ar\/de\/wp-json\/wp\/v2\/media\/7103"}],"wp:attachment":[{"href":"https:\/\/iballester.edu.ar\/de\/wp-json\/wp\/v2\/media?parent=7101"}],"wp:term":[{"taxonomy":"category","embeddable":true,"href":"https:\/\/iballester.edu.ar\/de\/wp-json\/wp\/v2\/categories?post=7101"},{"taxonomy":"post_tag","embeddable":true,"href":"https:\/\/iballester.edu.ar\/de\/wp-json\/wp\/v2\/tags?post=7101"}],"curies":[{"name":"wp","href":"https:\/\/api.w.org\/{rel}","templated":true}]}}