{"id":6842,"date":"2023-05-11T10:00:46","date_gmt":"2023-05-11T13:00:46","guid":{"rendered":"https:\/\/www.iballester.edu.ar\/?p=6842"},"modified":"2023-05-12T13:46:19","modified_gmt":"2023-05-12T16:46:19","slug":"premio-en-el-concurso-internacional-schuler-bauen-weltweit-brucken","status":"publish","type":"post","link":"https:\/\/iballester.edu.ar\/de\/premio-en-el-concurso-internacional-schuler-bauen-weltweit-brucken\/","title":{"rendered":"Premio en el concurso internacional &#8222;Sch\u00fcler Bauen Weltweit Br\u00fccken&#8220;"},"content":{"rendered":"<p>El<strong> Instituto Ballester Deutsche Schule<\/strong> <strong>obtuvo el 3er. Premio en el Concurso Internacional &#8222;Sch\u00fcler bauen weltweit Br\u00fccken&#8220;<\/strong> organizado por la <a href=\"https:\/\/www.dihk.de\/\" target=\"_blank\" rel=\"noopener\">C\u00e1mara de Industria y Comercio de Alemania<\/a> (DIHK).<\/p>\n<p>Con el proyecto &#8222;<a href=\"https:\/\/bbz.iballester.edu.ar\/edualemania\/\" target=\"_blank\" rel=\"noopener\">EDU Alemania: vers\u00e1til, sostenible, digital<\/a>&#8222;, nuestra expo sobre carreras de grado y formaci\u00f3n profesional, obtuvimos el reconocimiento internacional y un premio por un valor de Euros 20.000.<\/p>\n<p>Nuestros alumni Mora Roa Pal\u00fa (prom 2019), Mateo Chiabo (BBZ), Ignacio Emperador (prom 2021) y Santiago Roberto (prom 2019) junto a nuestro Director General, Ulrich Lohrbach, representaron a nuestro colegio en la ceremonia llevada a cabo en Berl\u00edn y recibieron de manos del Presidente de la DIHK, Sr. Peter Adrian, esta valiosa distinci\u00f3n.<\/p>\n<p><img decoding=\"async\" class=\"aligncenter size-full wp-image-6847\" src=\"https:\/\/iballester.edu.ar\/wp-content\/uploads\/2023\/05\/AHK-Weltkonferenz-presiuebergabe.jpg\" alt=\"\" width=\"1280\" height=\"853\" srcset=\"https:\/\/iballester.edu.ar\/wp-content\/uploads\/2023\/05\/AHK-Weltkonferenz-presiuebergabe-200x133.jpg 200w, https:\/\/iballester.edu.ar\/wp-content\/uploads\/2023\/05\/AHK-Weltkonferenz-presiuebergabe-300x200.jpg 300w, https:\/\/iballester.edu.ar\/wp-content\/uploads\/2023\/05\/AHK-Weltkonferenz-presiuebergabe-400x267.jpg 400w, https:\/\/iballester.edu.ar\/wp-content\/uploads\/2023\/05\/AHK-Weltkonferenz-presiuebergabe-600x400.jpg 600w, https:\/\/iballester.edu.ar\/wp-content\/uploads\/2023\/05\/AHK-Weltkonferenz-presiuebergabe-768x512.jpg 768w, https:\/\/iballester.edu.ar\/wp-content\/uploads\/2023\/05\/AHK-Weltkonferenz-presiuebergabe-800x533.jpg 800w, https:\/\/iballester.edu.ar\/wp-content\/uploads\/2023\/05\/AHK-Weltkonferenz-presiuebergabe-1024x682.jpg 1024w, https:\/\/iballester.edu.ar\/wp-content\/uploads\/2023\/05\/AHK-Weltkonferenz-presiuebergabe-1200x800.jpg 1200w, https:\/\/iballester.edu.ar\/wp-content\/uploads\/2023\/05\/AHK-Weltkonferenz-presiuebergabe.jpg 1280w\" sizes=\"(max-width: 1280px) 100vw, 1280px\" \/><\/p>\n<p>&nbsp;<\/p>\n<p>En palabras del<strong> Presidente de la DIHK, Peter Adrian<\/strong>:<\/p>\n<blockquote><p>&#8222;Los colegios alemanes en el extranjero abren las puertas a los mercados del exterior y crean redes de cooperaci\u00f3n viables en las sedes de las empresas alemanas en todo el mundo.<br \/>\nEn un momento en el que el libre comercio mundial, tan importante para nuestra econom\u00eda internacional, es cuestionando una y otra vez, las escuelas alemanas en el extranjero son, m\u00e1s que nunca, un puente importante entre sus pa\u00edses y Alemania. Los graduados de las escuelas alemanas en el extranjero tambi\u00e9n pueden ser valiosos profesionales del futuro para nuestras empresas en sus pa\u00edses y en el exterior. Est\u00e1n familiarizados tanto con la lengua y la cultura alemana como con la de su pa\u00eds de origen y, al mismo tiempo, est\u00e1n altamente calificados.<br \/>\nTodas estas son buenas razones para que la econom\u00eda alemana destaque p\u00fablicamente la gran importancia de las escuelas alemanas en el extranjero y su excelente trabajo.&#8220;<\/p><\/blockquote>\n<p>&nbsp;<\/p>\n<p><img decoding=\"async\" class=\"aligncenter size-full wp-image-6849\" src=\"https:\/\/iballester.edu.ar\/wp-content\/uploads\/2023\/05\/DIHK-EduAlemania-embajador-arg_20230510.jpg\" alt=\"\" width=\"1280\" height=\"852\" srcset=\"https:\/\/iballester.edu.ar\/wp-content\/uploads\/2023\/05\/DIHK-EduAlemania-embajador-arg_20230510-200x133.jpg 200w, https:\/\/iballester.edu.ar\/wp-content\/uploads\/2023\/05\/DIHK-EduAlemania-embajador-arg_20230510-300x200.jpg 300w, https:\/\/iballester.edu.ar\/wp-content\/uploads\/2023\/05\/DIHK-EduAlemania-embajador-arg_20230510-400x266.jpg 400w, https:\/\/iballester.edu.ar\/wp-content\/uploads\/2023\/05\/DIHK-EduAlemania-embajador-arg_20230510-600x399.jpg 600w, https:\/\/iballester.edu.ar\/wp-content\/uploads\/2023\/05\/DIHK-EduAlemania-embajador-arg_20230510-768x511.jpg 768w, https:\/\/iballester.edu.ar\/wp-content\/uploads\/2023\/05\/DIHK-EduAlemania-embajador-arg_20230510-800x533.jpg 800w, https:\/\/iballester.edu.ar\/wp-content\/uploads\/2023\/05\/DIHK-EduAlemania-embajador-arg_20230510-1024x682.jpg 1024w, https:\/\/iballester.edu.ar\/wp-content\/uploads\/2023\/05\/DIHK-EduAlemania-embajador-arg_20230510-1200x799.jpg 1200w, https:\/\/iballester.edu.ar\/wp-content\/uploads\/2023\/05\/DIHK-EduAlemania-embajador-arg_20230510.jpg 1280w\" sizes=\"(max-width: 1280px) 100vw, 1280px\" \/><\/p>\n<p>Muchas gracias al Embajador de la Rep\u00fablica Argentina en Alemania, Fernando Brun, por acompa\u00f1ar a nuestra delegaci\u00f3n en este evento.<\/p>\n<p>\u00a1Felicitamos a todos los que, desde 2010, participan y hacen posible la realizaci\u00f3n de nuestra feria EDU Alemania que tiene como objetivo acercar a los alumnos de los \u00faltimos a\u00f1os de Secundaria las opciones de estudio y formaci\u00f3n tanto en Alemania como en Argentina<\/p>\n<p>\u00a1Agradecemos a las <a href=\"https:\/\/bbz.iballester.edu.ar\/empresas-capacitadoras\/\" target=\"_blank\" rel=\"noopener\">empresas partners del BBZ<\/a> y a la <a href=\"https:\/\/www.ahkargentina.com.ar\/\" target=\"_blank\" rel=\"noopener\">C\u00e1mara de Industria y Comercio Argentino-Alemana<\/a> (AHK) por su apoyo!<\/p>\n<p>Nos sentimos muy orgullosos de este gran reconocimiento internacional y compartimos con nuestra comunidad im\u00e1genes de la premiaci\u00f3n.<\/p>\n<p>\u00a1Felicitaciones a todos los que hacen posible EDUAlemania! <em>Herzlichen Gl\u00fcckwunsch!\u00a0<\/em><\/p>\n<p>&nbsp;<\/p>\n<div class=\"fusion-video fusion-youtube fusion-aligncenter\" style=\"--awb-max-width:600px;--awb-max-height:360px;--awb-width:100%;--awb-margin-top:30px;--awb-margin-bottom:30px;\"><div class=\"video-shortcode\"><div class=\"fluid-width-video-wrapper\" style=\"padding-top:60%;\" ><iframe title=\"YouTube video player 1\" src=\"https:\/\/www.youtube.com\/embed\/mhzsxO41yQQ?wmode=transparent&autoplay=0\" width=\"600\" height=\"360\" allowfullscreen allow=\"autoplay; clipboard-write; encrypted-media; gyroscope; picture-in-picture;\"><\/iframe><\/div><\/div><\/div>\n<p>&nbsp;<\/p>\n<p><strong>M\u00e1s info:<\/strong><br \/>\n&#8211; <a href=\"https:\/\/www.dihk.de\/de\/themen-und-positionen\/fachkraefte\/bildung-international\/auslandsschulen\/wettbewerb\" target=\"_blank\" rel=\"noopener\">Sch\u00fcler bauen weltweit Br\u00fccken<\/a> &gt; IHK-Wettbewerb f\u00fcr deutsche Auslandsschulen 2022\/2023<br \/>\n&#8211; <a href=\"https:\/\/www.dihk.de\/de\/themen-und-positionen\/fachkraefte\/bildung-international\/auslandsschulen\/wettbewerb\/instituto-ballester-deutsche-schule-in-buenos-aires-argentinien-94584\" target=\"_blank\" rel=\"noopener\">Instituto Ballester Deutsche Schule in Buenos Aires \/ Argentinien<\/a><\/p>\n","protected":false},"excerpt":{"rendered":"<p>El Instituto Ballester Deutsche Schule obtuvo el 3er. Premio en el Concurso Internacional &#8222;Sch\u00fcler bauen weltweit Br\u00fccken&#8220; organizado por la DIHK.<\/p>\n","protected":false},"author":2,"featured_media":6853,"comment_status":"closed","ping_status":"closed","sticky":false,"template":"","format":"standard","meta":{"_joinchat":[],"footnotes":""},"categories":[1],"tags":[240,55],"class_list":["post-6842","post","type-post","status-publish","format-standard","has-post-thumbnail","hentry","category-generales","tag-dihk","tag-edu-alemania"],"yoast_head":"<!-- This site is optimized with the Yoast SEO plugin v27.4 - https:\/\/yoast.com\/product\/yoast-seo-wordpress\/ -->\n<title>Premio en el concurso internacional &quot;Sch\u00fcler Bauen Weltweit Br\u00fccken&quot;<\/title>\n<meta name=\"robots\" content=\"index, follow, max-snippet:-1, max-image-preview:large, max-video-preview:-1\" \/>\n<link rel=\"canonical\" href=\"https:\/\/iballester.edu.ar\/premio-en-el-concurso-internacional-schuler-bauen-weltweit-brucken\/\" \/>\n<meta property=\"og:locale\" content=\"de_DE\" \/>\n<meta property=\"og:type\" content=\"article\" \/>\n<meta property=\"og:title\" content=\"Premio en el concurso internacional &quot;Sch\u00fcler Bauen Weltweit Br\u00fccken&quot;\" \/>\n<meta property=\"og:description\" content=\"El Instituto Ballester Deutsche Schule obtuvo el 3er. Premio en el Concurso Internacional &quot;Sch\u00fcler bauen weltweit Br\u00fccken&quot; organizado por la DIHK.\" \/>\n<meta property=\"og:url\" content=\"https:\/\/iballester.edu.ar\/premio-en-el-concurso-internacional-schuler-bauen-weltweit-brucken\/\" \/>\n<meta property=\"og:site_name\" content=\"Instituto Ballester\" \/>\n<meta property=\"article:publisher\" content=\"https:\/\/www.facebook.com\/iballesterDS\" \/>\n<meta property=\"article:published_time\" content=\"2023-05-11T13:00:46+00:00\" \/>\n<meta property=\"article:modified_time\" content=\"2023-05-12T16:46:19+00:00\" \/>\n<meta property=\"og:image\" content=\"https:\/\/iballester.edu.ar\/wp-content\/uploads\/2023\/05\/DIHK-EduAlemania-Preis-Berlin_20230510.jpg\" \/>\n\t<meta property=\"og:image:width\" content=\"1024\" \/>\n\t<meta property=\"og:image:height\" content=\"682\" \/>\n\t<meta property=\"og:image:type\" content=\"image\/jpeg\" \/>\n<meta name=\"author\" content=\"Christian\" \/>\n<meta name=\"twitter:card\" content=\"summary_large_image\" \/>\n<meta name=\"twitter:label1\" content=\"Verfasst von\" \/>\n\t<meta name=\"twitter:data1\" content=\"Christian\" \/>\n\t<meta name=\"twitter:label2\" content=\"Gesch\u00e4tzte Lesezeit\" \/>\n\t<meta name=\"twitter:data2\" content=\"2\u00a0Minuten\" \/>\n<script type=\"application\/ld+json\" class=\"yoast-schema-graph\">{\"@context\":\"https:\\\/\\\/schema.org\",\"@graph\":[{\"@type\":\"Article\",\"@id\":\"https:\\\/\\\/iballester.edu.ar\\\/premio-en-el-concurso-internacional-schuler-bauen-weltweit-brucken\\\/#article\",\"isPartOf\":{\"@id\":\"https:\\\/\\\/iballester.edu.ar\\\/premio-en-el-concurso-internacional-schuler-bauen-weltweit-brucken\\\/\"},\"author\":{\"name\":\"Christian\",\"@id\":\"https:\\\/\\\/www.iballester.edu.ar\\\/de\\\/#\\\/schema\\\/person\\\/11d2b393acc7e159aa66c01abcbd2022\"},\"headline\":\"Premio en el concurso internacional &#8222;Sch\u00fcler Bauen Weltweit Br\u00fccken&#8220;\",\"datePublished\":\"2023-05-11T13:00:46+00:00\",\"dateModified\":\"2023-05-12T16:46:19+00:00\",\"mainEntityOfPage\":{\"@id\":\"https:\\\/\\\/iballester.edu.ar\\\/premio-en-el-concurso-internacional-schuler-bauen-weltweit-brucken\\\/\"},\"wordCount\":492,\"publisher\":{\"@id\":\"https:\\\/\\\/www.iballester.edu.ar\\\/de\\\/#organization\"},\"image\":{\"@id\":\"https:\\\/\\\/iballester.edu.ar\\\/premio-en-el-concurso-internacional-schuler-bauen-weltweit-brucken\\\/#primaryimage\"},\"thumbnailUrl\":\"https:\\\/\\\/iballester.edu.ar\\\/wp-content\\\/uploads\\\/2023\\\/05\\\/DIHK-EduAlemania-Preis-Berlin_20230510.jpg\",\"keywords\":[\"DIHK\",\"EDU Alemania\"],\"articleSection\":[\"Generales\"],\"inLanguage\":\"de\"},{\"@type\":\"WebPage\",\"@id\":\"https:\\\/\\\/iballester.edu.ar\\\/premio-en-el-concurso-internacional-schuler-bauen-weltweit-brucken\\\/\",\"url\":\"https:\\\/\\\/iballester.edu.ar\\\/premio-en-el-concurso-internacional-schuler-bauen-weltweit-brucken\\\/\",\"name\":\"Premio en el concurso internacional \\\"Sch\u00fcler Bauen Weltweit Br\u00fccken\\\"\",\"isPartOf\":{\"@id\":\"https:\\\/\\\/www.iballester.edu.ar\\\/de\\\/#website\"},\"primaryImageOfPage\":{\"@id\":\"https:\\\/\\\/iballester.edu.ar\\\/premio-en-el-concurso-internacional-schuler-bauen-weltweit-brucken\\\/#primaryimage\"},\"image\":{\"@id\":\"https:\\\/\\\/iballester.edu.ar\\\/premio-en-el-concurso-internacional-schuler-bauen-weltweit-brucken\\\/#primaryimage\"},\"thumbnailUrl\":\"https:\\\/\\\/iballester.edu.ar\\\/wp-content\\\/uploads\\\/2023\\\/05\\\/DIHK-EduAlemania-Preis-Berlin_20230510.jpg\",\"datePublished\":\"2023-05-11T13:00:46+00:00\",\"dateModified\":\"2023-05-12T16:46:19+00:00\",\"breadcrumb\":{\"@id\":\"https:\\\/\\\/iballester.edu.ar\\\/premio-en-el-concurso-internacional-schuler-bauen-weltweit-brucken\\\/#breadcrumb\"},\"inLanguage\":\"de\",\"potentialAction\":[{\"@type\":\"ReadAction\",\"target\":[\"https:\\\/\\\/iballester.edu.ar\\\/premio-en-el-concurso-internacional-schuler-bauen-weltweit-brucken\\\/\"]}]},{\"@type\":\"ImageObject\",\"inLanguage\":\"de\",\"@id\":\"https:\\\/\\\/iballester.edu.ar\\\/premio-en-el-concurso-internacional-schuler-bauen-weltweit-brucken\\\/#primaryimage\",\"url\":\"https:\\\/\\\/iballester.edu.ar\\\/wp-content\\\/uploads\\\/2023\\\/05\\\/DIHK-EduAlemania-Preis-Berlin_20230510.jpg\",\"contentUrl\":\"https:\\\/\\\/iballester.edu.ar\\\/wp-content\\\/uploads\\\/2023\\\/05\\\/DIHK-EduAlemania-Preis-Berlin_20230510.jpg\",\"width\":1024,\"height\":682},{\"@type\":\"BreadcrumbList\",\"@id\":\"https:\\\/\\\/iballester.edu.ar\\\/premio-en-el-concurso-internacional-schuler-bauen-weltweit-brucken\\\/#breadcrumb\",\"itemListElement\":[{\"@type\":\"ListItem\",\"position\":1,\"name\":\"Portada\",\"item\":\"https:\\\/\\\/iballester.edu.ar\\\/de\\\/\"},{\"@type\":\"ListItem\",\"position\":2,\"name\":\"Premio en el concurso internacional \u00abSch\u00fcler Bauen Weltweit Br\u00fccken\u00bb\"}]},{\"@type\":\"WebSite\",\"@id\":\"https:\\\/\\\/www.iballester.edu.ar\\\/de\\\/#website\",\"url\":\"https:\\\/\\\/www.iballester.edu.ar\\\/de\\\/\",\"name\":\"Instituto Ballester Deutsche Schule\",\"description\":\"\",\"publisher\":{\"@id\":\"https:\\\/\\\/www.iballester.edu.ar\\\/de\\\/#organization\"},\"alternateName\":\"IBallester\",\"potentialAction\":[{\"@type\":\"SearchAction\",\"target\":{\"@type\":\"EntryPoint\",\"urlTemplate\":\"https:\\\/\\\/www.iballester.edu.ar\\\/de\\\/?s={search_term_string}\"},\"query-input\":{\"@type\":\"PropertyValueSpecification\",\"valueRequired\":true,\"valueName\":\"search_term_string\"}}],\"inLanguage\":\"de\"},{\"@type\":\"Organization\",\"@id\":\"https:\\\/\\\/www.iballester.edu.ar\\\/de\\\/#organization\",\"name\":\"Instituto Ballester Deutsche Schule\",\"alternateName\":\"IBallester\",\"url\":\"https:\\\/\\\/www.iballester.edu.ar\\\/de\\\/\",\"logo\":{\"@type\":\"ImageObject\",\"inLanguage\":\"de\",\"@id\":\"https:\\\/\\\/www.iballester.edu.ar\\\/de\\\/#\\\/schema\\\/logo\\\/image\\\/\",\"url\":\"https:\\\/\\\/iballester.edu.ar\\\/wp-content\\\/uploads\\\/2023\\\/07\\\/IBallester-logo-meta.jpg\",\"contentUrl\":\"https:\\\/\\\/iballester.edu.ar\\\/wp-content\\\/uploads\\\/2023\\\/07\\\/IBallester-logo-meta.jpg\",\"width\":1920,\"height\":1080,\"caption\":\"Instituto Ballester Deutsche Schule\"},\"image\":{\"@id\":\"https:\\\/\\\/www.iballester.edu.ar\\\/de\\\/#\\\/schema\\\/logo\\\/image\\\/\"},\"sameAs\":[\"https:\\\/\\\/www.facebook.com\\\/iballesterDS\",\"https:\\\/\\\/www.instagram.com\\\/iballesteroficial\\\/\",\"https:\\\/\\\/www.youtube.com\\\/@IBallesterDS\",\"https:\\\/\\\/www.linkedin.com\\\/in\\\/instituto-ballester-deutsche-schule-310b89128\\\/\"]},{\"@type\":\"Person\",\"@id\":\"https:\\\/\\\/www.iballester.edu.ar\\\/de\\\/#\\\/schema\\\/person\\\/11d2b393acc7e159aa66c01abcbd2022\",\"name\":\"Christian\",\"image\":{\"@type\":\"ImageObject\",\"inLanguage\":\"de\",\"@id\":\"https:\\\/\\\/secure.gravatar.com\\\/avatar\\\/dd30bd59edf92ce4a04782e3a8acff1c4d4764bac83b2bd2a3792ab809d068e7?s=96&d=mm&r=g\",\"url\":\"https:\\\/\\\/secure.gravatar.com\\\/avatar\\\/dd30bd59edf92ce4a04782e3a8acff1c4d4764bac83b2bd2a3792ab809d068e7?s=96&d=mm&r=g\",\"contentUrl\":\"https:\\\/\\\/secure.gravatar.com\\\/avatar\\\/dd30bd59edf92ce4a04782e3a8acff1c4d4764bac83b2bd2a3792ab809d068e7?s=96&d=mm&r=g\",\"caption\":\"Christian\"}}]}<\/script>\n<!-- \/ Yoast SEO plugin. -->","yoast_head_json":{"title":"Premio en el concurso internacional \"Sch\u00fcler Bauen Weltweit Br\u00fccken\"","robots":{"index":"index","follow":"follow","max-snippet":"max-snippet:-1","max-image-preview":"max-image-preview:large","max-video-preview":"max-video-preview:-1"},"canonical":"https:\/\/iballester.edu.ar\/premio-en-el-concurso-internacional-schuler-bauen-weltweit-brucken\/","og_locale":"de_DE","og_type":"article","og_title":"Premio en el concurso internacional \"Sch\u00fcler Bauen Weltweit Br\u00fccken\"","og_description":"El Instituto Ballester Deutsche Schule obtuvo el 3er. Premio en el Concurso Internacional \"Sch\u00fcler bauen weltweit Br\u00fccken\" organizado por la DIHK.","og_url":"https:\/\/iballester.edu.ar\/premio-en-el-concurso-internacional-schuler-bauen-weltweit-brucken\/","og_site_name":"Instituto Ballester","article_publisher":"https:\/\/www.facebook.com\/iballesterDS","article_published_time":"2023-05-11T13:00:46+00:00","article_modified_time":"2023-05-12T16:46:19+00:00","og_image":[{"width":1024,"height":682,"url":"https:\/\/iballester.edu.ar\/wp-content\/uploads\/2023\/05\/DIHK-EduAlemania-Preis-Berlin_20230510.jpg","type":"image\/jpeg"}],"author":"Christian","twitter_card":"summary_large_image","twitter_misc":{"Verfasst von":"Christian","Gesch\u00e4tzte Lesezeit":"2\u00a0Minuten"},"schema":{"@context":"https:\/\/schema.org","@graph":[{"@type":"Article","@id":"https:\/\/iballester.edu.ar\/premio-en-el-concurso-internacional-schuler-bauen-weltweit-brucken\/#article","isPartOf":{"@id":"https:\/\/iballester.edu.ar\/premio-en-el-concurso-internacional-schuler-bauen-weltweit-brucken\/"},"author":{"name":"Christian","@id":"https:\/\/www.iballester.edu.ar\/de\/#\/schema\/person\/11d2b393acc7e159aa66c01abcbd2022"},"headline":"Premio en el concurso internacional &#8222;Sch\u00fcler Bauen Weltweit Br\u00fccken&#8220;","datePublished":"2023-05-11T13:00:46+00:00","dateModified":"2023-05-12T16:46:19+00:00","mainEntityOfPage":{"@id":"https:\/\/iballester.edu.ar\/premio-en-el-concurso-internacional-schuler-bauen-weltweit-brucken\/"},"wordCount":492,"publisher":{"@id":"https:\/\/www.iballester.edu.ar\/de\/#organization"},"image":{"@id":"https:\/\/iballester.edu.ar\/premio-en-el-concurso-internacional-schuler-bauen-weltweit-brucken\/#primaryimage"},"thumbnailUrl":"https:\/\/iballester.edu.ar\/wp-content\/uploads\/2023\/05\/DIHK-EduAlemania-Preis-Berlin_20230510.jpg","keywords":["DIHK","EDU Alemania"],"articleSection":["Generales"],"inLanguage":"de"},{"@type":"WebPage","@id":"https:\/\/iballester.edu.ar\/premio-en-el-concurso-internacional-schuler-bauen-weltweit-brucken\/","url":"https:\/\/iballester.edu.ar\/premio-en-el-concurso-internacional-schuler-bauen-weltweit-brucken\/","name":"Premio en el concurso internacional \"Sch\u00fcler Bauen Weltweit Br\u00fccken\"","isPartOf":{"@id":"https:\/\/www.iballester.edu.ar\/de\/#website"},"primaryImageOfPage":{"@id":"https:\/\/iballester.edu.ar\/premio-en-el-concurso-internacional-schuler-bauen-weltweit-brucken\/#primaryimage"},"image":{"@id":"https:\/\/iballester.edu.ar\/premio-en-el-concurso-internacional-schuler-bauen-weltweit-brucken\/#primaryimage"},"thumbnailUrl":"https:\/\/iballester.edu.ar\/wp-content\/uploads\/2023\/05\/DIHK-EduAlemania-Preis-Berlin_20230510.jpg","datePublished":"2023-05-11T13:00:46+00:00","dateModified":"2023-05-12T16:46:19+00:00","breadcrumb":{"@id":"https:\/\/iballester.edu.ar\/premio-en-el-concurso-internacional-schuler-bauen-weltweit-brucken\/#breadcrumb"},"inLanguage":"de","potentialAction":[{"@type":"ReadAction","target":["https:\/\/iballester.edu.ar\/premio-en-el-concurso-internacional-schuler-bauen-weltweit-brucken\/"]}]},{"@type":"ImageObject","inLanguage":"de","@id":"https:\/\/iballester.edu.ar\/premio-en-el-concurso-internacional-schuler-bauen-weltweit-brucken\/#primaryimage","url":"https:\/\/iballester.edu.ar\/wp-content\/uploads\/2023\/05\/DIHK-EduAlemania-Preis-Berlin_20230510.jpg","contentUrl":"https:\/\/iballester.edu.ar\/wp-content\/uploads\/2023\/05\/DIHK-EduAlemania-Preis-Berlin_20230510.jpg","width":1024,"height":682},{"@type":"BreadcrumbList","@id":"https:\/\/iballester.edu.ar\/premio-en-el-concurso-internacional-schuler-bauen-weltweit-brucken\/#breadcrumb","itemListElement":[{"@type":"ListItem","position":1,"name":"Portada","item":"https:\/\/iballester.edu.ar\/de\/"},{"@type":"ListItem","position":2,"name":"Premio en el concurso internacional \u00abSch\u00fcler Bauen Weltweit Br\u00fccken\u00bb"}]},{"@type":"WebSite","@id":"https:\/\/www.iballester.edu.ar\/de\/#website","url":"https:\/\/www.iballester.edu.ar\/de\/","name":"Instituto Ballester Deutsche Schule","description":"","publisher":{"@id":"https:\/\/www.iballester.edu.ar\/de\/#organization"},"alternateName":"IBallester","potentialAction":[{"@type":"SearchAction","target":{"@type":"EntryPoint","urlTemplate":"https:\/\/www.iballester.edu.ar\/de\/?s={search_term_string}"},"query-input":{"@type":"PropertyValueSpecification","valueRequired":true,"valueName":"search_term_string"}}],"inLanguage":"de"},{"@type":"Organization","@id":"https:\/\/www.iballester.edu.ar\/de\/#organization","name":"Instituto Ballester Deutsche Schule","alternateName":"IBallester","url":"https:\/\/www.iballester.edu.ar\/de\/","logo":{"@type":"ImageObject","inLanguage":"de","@id":"https:\/\/www.iballester.edu.ar\/de\/#\/schema\/logo\/image\/","url":"https:\/\/iballester.edu.ar\/wp-content\/uploads\/2023\/07\/IBallester-logo-meta.jpg","contentUrl":"https:\/\/iballester.edu.ar\/wp-content\/uploads\/2023\/07\/IBallester-logo-meta.jpg","width":1920,"height":1080,"caption":"Instituto Ballester Deutsche Schule"},"image":{"@id":"https:\/\/www.iballester.edu.ar\/de\/#\/schema\/logo\/image\/"},"sameAs":["https:\/\/www.facebook.com\/iballesterDS","https:\/\/www.instagram.com\/iballesteroficial\/","https:\/\/www.youtube.com\/@IBallesterDS","https:\/\/www.linkedin.com\/in\/instituto-ballester-deutsche-schule-310b89128\/"]},{"@type":"Person","@id":"https:\/\/www.iballester.edu.ar\/de\/#\/schema\/person\/11d2b393acc7e159aa66c01abcbd2022","name":"Christian","image":{"@type":"ImageObject","inLanguage":"de","@id":"https:\/\/secure.gravatar.com\/avatar\/dd30bd59edf92ce4a04782e3a8acff1c4d4764bac83b2bd2a3792ab809d068e7?s=96&d=mm&r=g","url":"https:\/\/secure.gravatar.com\/avatar\/dd30bd59edf92ce4a04782e3a8acff1c4d4764bac83b2bd2a3792ab809d068e7?s=96&d=mm&r=g","contentUrl":"https:\/\/secure.gravatar.com\/avatar\/dd30bd59edf92ce4a04782e3a8acff1c4d4764bac83b2bd2a3792ab809d068e7?s=96&d=mm&r=g","caption":"Christian"}}]}},"_links":{"self":[{"href":"https:\/\/iballester.edu.ar\/de\/wp-json\/wp\/v2\/posts\/6842","targetHints":{"allow":["GET"]}}],"collection":[{"href":"https:\/\/iballester.edu.ar\/de\/wp-json\/wp\/v2\/posts"}],"about":[{"href":"https:\/\/iballester.edu.ar\/de\/wp-json\/wp\/v2\/types\/post"}],"author":[{"embeddable":true,"href":"https:\/\/iballester.edu.ar\/de\/wp-json\/wp\/v2\/users\/2"}],"replies":[{"embeddable":true,"href":"https:\/\/iballester.edu.ar\/de\/wp-json\/wp\/v2\/comments?post=6842"}],"version-history":[{"count":0,"href":"https:\/\/iballester.edu.ar\/de\/wp-json\/wp\/v2\/posts\/6842\/revisions"}],"wp:featuredmedia":[{"embeddable":true,"href":"https:\/\/iballester.edu.ar\/de\/wp-json\/wp\/v2\/media\/6853"}],"wp:attachment":[{"href":"https:\/\/iballester.edu.ar\/de\/wp-json\/wp\/v2\/media?parent=6842"}],"wp:term":[{"taxonomy":"category","embeddable":true,"href":"https:\/\/iballester.edu.ar\/de\/wp-json\/wp\/v2\/categories?post=6842"},{"taxonomy":"post_tag","embeddable":true,"href":"https:\/\/iballester.edu.ar\/de\/wp-json\/wp\/v2\/tags?post=6842"}],"curies":[{"name":"wp","href":"https:\/\/api.w.org\/{rel}","templated":true}]}}