{"id":6502,"date":"2022-12-06T10:00:34","date_gmt":"2022-12-06T13:00:34","guid":{"rendered":"https:\/\/www.iballester.edu.ar\/?p=6502"},"modified":"2023-01-18T11:21:05","modified_gmt":"2023-01-18T14:21:05","slug":"los-alumnos-y-las-alumnas-del-intercambio-entre-berlin-y-munich","status":"publish","type":"post","link":"https:\/\/iballester.edu.ar\/de\/los-alumnos-y-las-alumnas-del-intercambio-entre-berlin-y-munich\/","title":{"rendered":"Los alumnos y las alumnas del intercambio entre Berlin y Munich"},"content":{"rendered":"<div class=\"fusion-fullwidth fullwidth-box fusion-builder-row-1 fusion-flex-container nonhundred-percent-fullwidth non-hundred-percent-height-scrolling\" style=\"--awb-border-radius-top-left:0px;--awb-border-radius-top-right:0px;--awb-border-radius-bottom-right:0px;--awb-border-radius-bottom-left:0px;--awb-flex-wrap:wrap;\" ><div class=\"fusion-builder-row fusion-row fusion-flex-align-items-flex-start fusion-flex-content-wrap\" style=\"max-width:1248px;margin-left: calc(-4% \/ 2 );margin-right: calc(-4% \/ 2 );\"><div class=\"fusion-layout-column fusion_builder_column fusion-builder-column-0 fusion_builder_column_1_1 1_1 fusion-flex-column\" style=\"--awb-bg-size:cover;--awb-width-large:100%;--awb-margin-top-large:0px;--awb-spacing-right-large:1.92%;--awb-margin-bottom-large:0px;--awb-spacing-left-large:1.92%;--awb-width-medium:100%;--awb-spacing-right-medium:1.92%;--awb-spacing-left-medium:1.92%;--awb-width-small:100%;--awb-spacing-right-small:1.92%;--awb-spacing-left-small:1.92%;\"><div class=\"fusion-column-wrapper fusion-flex-justify-content-flex-start fusion-content-layout-column\"><div class=\"fusion-text fusion-text-1 fusion-text-no-margin\" style=\"--awb-margin-bottom:30px;\"><p><strong>Los alumnos y las alumnas de 5to a\u00f1o<\/strong> tambi\u00e9n disfrutan de su viaje de intercambio en la hermosa ciudad de <strong>Berlin<\/strong>!<\/p>\n<p>Recorrieron varios puntos de inter\u00e9s como el Fernsehturm (Torre de televisi\u00f3n), el Alexanderplatz, el Brandenburger Tor (Puerta de Brandenburgo), el Deutsches-Spionagemuseum (Museo de espionaje), fueron a ver el espect\u00e1culo de Blue Man Group y disfrutaron del museo de cera de Madame Tussauds.<\/p>\n<\/div><div class=\"awb-gallery-wrapper awb-gallery-wrapper-1 button-span-no\" style=\"--more-btn-alignment:center;\"><div style=\"margin:-5px;--awb-aspect-ratio:4 \/ 3;--awb-bordersize:0px;\" class=\"fusion-gallery fusion-gallery-container fusion-grid-3 fusion-columns-total-9 fusion-gallery-layout-grid fusion-gallery-1 has-aspect-ratio\"><div style=\"padding:5px;\" class=\"fusion-grid-column fusion-gallery-column fusion-gallery-column-3 hover-type-none\"><div class=\"fusion-gallery-image\"><a href=\"https:\/\/iballester.edu.ar\/wp-content\/uploads\/2022\/12\/Berlin03.jpg\" rel=\"noreferrer\" data-rel=\"iLightbox[gallery_image_1]\" class=\"fusion-lightbox\" target=\"_self\"><img decoding=\"async\" src=\"https:\/\/iballester.edu.ar\/wp-content\/uploads\/2022\/12\/Berlin03-460x295.jpg\" width=\"460\" height=\"295\" alt=\"\" title=\"Berlin03\" aria-label=\"Berlin03\" class=\"img-responsive wp-image-6549 fusion-gallery-image-size-fixed\"  \/><\/a><\/div><\/div><div style=\"padding:5px;\" class=\"fusion-grid-column fusion-gallery-column fusion-gallery-column-3 hover-type-none\"><div class=\"fusion-gallery-image\"><a href=\"https:\/\/iballester.edu.ar\/wp-content\/uploads\/2022\/12\/Berlin03b.jpg\" rel=\"noreferrer\" data-rel=\"iLightbox[gallery_image_1]\" class=\"fusion-lightbox\" target=\"_self\"><img decoding=\"async\" src=\"https:\/\/iballester.edu.ar\/wp-content\/uploads\/2022\/12\/Berlin03b-460x295.jpg\" width=\"460\" height=\"295\" alt=\"\" title=\"Berlin03b\" aria-label=\"Berlin03b\" class=\"img-responsive wp-image-6551 fusion-gallery-image-size-fixed\"  \/><\/a><\/div><\/div><div style=\"padding:5px;\" class=\"fusion-grid-column fusion-gallery-column fusion-gallery-column-3 hover-type-none\"><div class=\"fusion-gallery-image\"><a href=\"https:\/\/iballester.edu.ar\/wp-content\/uploads\/2022\/12\/Berlin00.jpg\" rel=\"noreferrer\" data-rel=\"iLightbox[gallery_image_1]\" class=\"fusion-lightbox\" target=\"_self\"><img decoding=\"async\" src=\"https:\/\/iballester.edu.ar\/wp-content\/uploads\/2022\/12\/Berlin00-460x295.jpg\" width=\"460\" height=\"295\" alt=\"\" title=\"Berlin00\" aria-label=\"Berlin00\" class=\"img-responsive wp-image-6538 fusion-gallery-image-size-fixed\"  \/><\/a><\/div><\/div><div class=\"clearfix\"><\/div><div style=\"padding:5px;\" class=\"fusion-grid-column fusion-gallery-column fusion-gallery-column-3 hover-type-none\"><div class=\"fusion-gallery-image\"><a href=\"https:\/\/iballester.edu.ar\/wp-content\/uploads\/2022\/12\/Berlin01.jpg\" rel=\"noreferrer\" data-rel=\"iLightbox[gallery_image_1]\" class=\"fusion-lightbox\" target=\"_self\"><img decoding=\"async\" src=\"https:\/\/iballester.edu.ar\/wp-content\/uploads\/2022\/12\/Berlin01-460x295.jpg\" width=\"460\" height=\"295\" alt=\"\" title=\"Berlin01\" aria-label=\"Berlin01\" class=\"img-responsive wp-image-6545 fusion-gallery-image-size-fixed\"  \/><\/a><\/div><\/div><div style=\"padding:5px;\" class=\"fusion-grid-column fusion-gallery-column fusion-gallery-column-3 hover-type-none\"><div class=\"fusion-gallery-image\"><a href=\"https:\/\/iballester.edu.ar\/wp-content\/uploads\/2022\/12\/Berlin02.jpg\" rel=\"noreferrer\" data-rel=\"iLightbox[gallery_image_1]\" class=\"fusion-lightbox\" target=\"_self\"><img decoding=\"async\" src=\"https:\/\/iballester.edu.ar\/wp-content\/uploads\/2022\/12\/Berlin02-460x295.jpg\" width=\"460\" height=\"295\" alt=\"\" title=\"Berlin02\" aria-label=\"Berlin02\" class=\"img-responsive wp-image-6547 fusion-gallery-image-size-fixed\"  \/><\/a><\/div><\/div><div style=\"padding:5px;\" class=\"fusion-grid-column fusion-gallery-column fusion-gallery-column-3 hover-type-none\"><div class=\"fusion-gallery-image\"><a href=\"https:\/\/iballester.edu.ar\/wp-content\/uploads\/2022\/12\/Berlin04.jpg\" rel=\"noreferrer\" data-rel=\"iLightbox[gallery_image_1]\" class=\"fusion-lightbox\" target=\"_self\"><img decoding=\"async\" src=\"https:\/\/iballester.edu.ar\/wp-content\/uploads\/2022\/12\/Berlin04-460x295.jpg\" width=\"460\" height=\"295\" alt=\"\" title=\"Berlin04\" aria-label=\"Berlin04\" class=\"img-responsive wp-image-6553 fusion-gallery-image-size-fixed\"  \/><\/a><\/div><\/div><div class=\"clearfix\"><\/div><div style=\"padding:5px;\" class=\"fusion-grid-column fusion-gallery-column fusion-gallery-column-3 hover-type-none\"><div class=\"fusion-gallery-image\"><a href=\"https:\/\/iballester.edu.ar\/wp-content\/uploads\/2022\/12\/Berlin05.jpg\" rel=\"noreferrer\" data-rel=\"iLightbox[gallery_image_1]\" class=\"fusion-lightbox\" target=\"_self\"><img decoding=\"async\" src=\"https:\/\/iballester.edu.ar\/wp-content\/uploads\/2022\/12\/Berlin05-460x295.jpg\" width=\"460\" height=\"295\" alt=\"\" title=\"Berlin05\" aria-label=\"Berlin05\" class=\"img-responsive wp-image-6555 fusion-gallery-image-size-fixed\"  \/><\/a><\/div><\/div><div style=\"padding:5px;\" class=\"fusion-grid-column fusion-gallery-column fusion-gallery-column-3 hover-type-none\"><div class=\"fusion-gallery-image\"><a href=\"https:\/\/iballester.edu.ar\/wp-content\/uploads\/2022\/12\/Berlin06b.jpg\" rel=\"noreferrer\" data-rel=\"iLightbox[gallery_image_1]\" class=\"fusion-lightbox\" target=\"_self\"><img decoding=\"async\" src=\"https:\/\/iballester.edu.ar\/wp-content\/uploads\/2022\/12\/Berlin06b-460x295.jpg\" width=\"460\" height=\"295\" alt=\"\" title=\"Berlin06b\" aria-label=\"Berlin06b\" class=\"img-responsive wp-image-6557 fusion-gallery-image-size-fixed\"  \/><\/a><\/div><\/div><div style=\"padding:5px;\" class=\"fusion-grid-column fusion-gallery-column fusion-gallery-column-3 hover-type-none\"><div class=\"fusion-gallery-image\"><a href=\"https:\/\/iballester.edu.ar\/wp-content\/uploads\/2022\/12\/Berlin06d.jpg\" rel=\"noreferrer\" data-rel=\"iLightbox[gallery_image_1]\" class=\"fusion-lightbox\" target=\"_self\"><img decoding=\"async\" src=\"https:\/\/iballester.edu.ar\/wp-content\/uploads\/2022\/12\/Berlin06d-460x295.jpg\" width=\"460\" height=\"295\" alt=\"\" title=\"Berlin06d\" aria-label=\"Berlin06d\" class=\"img-responsive wp-image-6541 fusion-gallery-image-size-fixed\"  \/><\/a><\/div><\/div><div class=\"clearfix\"><\/div><\/div><\/div><div class=\"fusion-text fusion-text-2 fusion-text-no-margin\" style=\"--awb-margin-top:50px;--awb-margin-bottom:30px;\"><p><strong>Los alumnos y alumnas de 6to a\u00f1o<\/strong> ya est\u00e1n en <strong>M\u00fcnchen<\/strong> y pasaron a conocer el Allianz Arena, hoy casa del FC Bayern M\u00fcnchen &#x26bd;&#xfe0f;<\/p>\n<\/div><div class=\"awb-gallery-wrapper awb-gallery-wrapper-2 button-span-no\" style=\"--more-btn-alignment:center;\"><div style=\"margin:-5px;--awb-aspect-ratio:4 \/ 3;--awb-bordersize:0px;\" class=\"fusion-gallery fusion-gallery-container fusion-grid-3 fusion-columns-total-5 fusion-gallery-layout-grid fusion-gallery-2 has-aspect-ratio\"><div style=\"padding:5px;\" class=\"fusion-grid-column fusion-gallery-column fusion-gallery-column-3 hover-type-none\"><div class=\"fusion-gallery-image\"><a href=\"https:\/\/iballester.edu.ar\/wp-content\/uploads\/2022\/12\/Munich-Allianz00.jpg\" rel=\"noreferrer\" data-rel=\"iLightbox[gallery_image_2]\" class=\"fusion-lightbox\" target=\"_self\"><img decoding=\"async\" src=\"https:\/\/iballester.edu.ar\/wp-content\/uploads\/2022\/12\/Munich-Allianz00-460x295.jpg\" width=\"460\" height=\"295\" alt=\"\" title=\"Munich-Allianz00\" aria-label=\"Munich-Allianz00\" class=\"img-responsive wp-image-6559 fusion-gallery-image-size-fixed\"  \/><\/a><\/div><\/div><div style=\"padding:5px;\" class=\"fusion-grid-column fusion-gallery-column fusion-gallery-column-3 hover-type-none\"><div class=\"fusion-gallery-image\"><a href=\"https:\/\/iballester.edu.ar\/wp-content\/uploads\/2022\/12\/Munich-Allianz01.jpg\" rel=\"noreferrer\" data-rel=\"iLightbox[gallery_image_2]\" class=\"fusion-lightbox\" target=\"_self\"><img decoding=\"async\" src=\"https:\/\/iballester.edu.ar\/wp-content\/uploads\/2022\/12\/Munich-Allianz01-460x295.jpg\" width=\"460\" height=\"295\" alt=\"\" title=\"Munich-Allianz01\" aria-label=\"Munich-Allianz01\" class=\"img-responsive wp-image-6561 fusion-gallery-image-size-fixed\"  \/><\/a><\/div><\/div><div style=\"padding:5px;\" class=\"fusion-grid-column fusion-gallery-column fusion-gallery-column-3 hover-type-none\"><div class=\"fusion-gallery-image\"><a href=\"https:\/\/iballester.edu.ar\/wp-content\/uploads\/2022\/12\/Munich-Allianz03.jpg\" rel=\"noreferrer\" data-rel=\"iLightbox[gallery_image_2]\" class=\"fusion-lightbox\" target=\"_self\"><img decoding=\"async\" src=\"https:\/\/iballester.edu.ar\/wp-content\/uploads\/2022\/12\/Munich-Allianz03-460x295.jpg\" width=\"460\" height=\"295\" alt=\"\" title=\"Munich-Allianz03\" aria-label=\"Munich-Allianz03\" class=\"img-responsive wp-image-6567 fusion-gallery-image-size-fixed\"  \/><\/a><\/div><\/div><div class=\"clearfix\"><\/div><div style=\"padding:5px;\" class=\"fusion-grid-column fusion-gallery-column fusion-gallery-column-3 hover-type-none\"><div class=\"fusion-gallery-image\"><a href=\"https:\/\/iballester.edu.ar\/wp-content\/uploads\/2022\/12\/Munich-Allianz02.jpg\" rel=\"noreferrer\" data-rel=\"iLightbox[gallery_image_2]\" class=\"fusion-lightbox\" target=\"_self\"><img decoding=\"async\" src=\"https:\/\/iballester.edu.ar\/wp-content\/uploads\/2022\/12\/Munich-Allianz02-460x295.jpg\" width=\"460\" height=\"295\" alt=\"\" title=\"Munich-Allianz02\" aria-label=\"Munich-Allianz02\" class=\"img-responsive wp-image-6563 fusion-gallery-image-size-fixed\"  \/><\/a><\/div><\/div><div style=\"padding:5px;\" class=\"fusion-grid-column fusion-gallery-column fusion-gallery-column-3 hover-type-none\"><div class=\"fusion-gallery-image\"><a href=\"https:\/\/iballester.edu.ar\/wp-content\/uploads\/2022\/12\/Munich-Allianz02b.jpg\" rel=\"noreferrer\" data-rel=\"iLightbox[gallery_image_2]\" class=\"fusion-lightbox\" target=\"_self\"><img decoding=\"async\" src=\"https:\/\/iballester.edu.ar\/wp-content\/uploads\/2022\/12\/Munich-Allianz02b-460x295.jpg\" width=\"460\" height=\"295\" alt=\"\" title=\"Munich-Allianz02b\" aria-label=\"Munich-Allianz02b\" class=\"img-responsive wp-image-6565 fusion-gallery-image-size-fixed\"  \/><\/a><\/div><\/div><\/div><\/div><div class=\"fusion-text fusion-text-3\" style=\"--awb-margin-top:50px;\"><p>Les deseamos que contin\u00faen conociendo, divirti\u00e9ndose y llen\u00e1ndose de recuerdos y experiencias que sin dudas ser\u00e1n inolvidables!!!<\/p>\n<\/div><\/div><\/div><\/div><\/div>\n","protected":false},"excerpt":{"rendered":"<p>Nuestros alumnos y alumnas disfrutan de su viaje de intercambio por Alemania, en las hermosas ciudades de Berlin y Munich.<\/p>\n","protected":false},"author":2,"featured_media":6538,"comment_status":"closed","ping_status":"closed","sticky":false,"template":"","format":"standard","meta":{"_joinchat":[],"footnotes":""},"categories":[1],"tags":[220],"class_list":["post-6502","post","type-post","status-publish","format-standard","has-post-thumbnail","hentry","category-generales","tag-intercambio"],"yoast_head":"<!-- This site is optimized with the Yoast SEO plugin v27.4 - https:\/\/yoast.com\/product\/yoast-seo-wordpress\/ -->\n<title>Los alumnos y las alumnas del intercambio entre Berlin y Munich<\/title>\n<meta name=\"robots\" content=\"index, follow, max-snippet:-1, max-image-preview:large, max-video-preview:-1\" \/>\n<link rel=\"canonical\" href=\"https:\/\/iballester.edu.ar\/los-alumnos-y-las-alumnas-del-intercambio-entre-berlin-y-munich\/\" \/>\n<meta property=\"og:locale\" content=\"de_DE\" \/>\n<meta property=\"og:type\" content=\"article\" \/>\n<meta property=\"og:title\" content=\"Los alumnos y las alumnas del intercambio entre Berlin y Munich\" \/>\n<meta property=\"og:description\" content=\"Nuestros alumnos y alumnas disfrutan de su viaje de intercambio por Alemania, en las hermosas ciudades de Berlin y Munich.\" \/>\n<meta property=\"og:url\" content=\"https:\/\/iballester.edu.ar\/los-alumnos-y-las-alumnas-del-intercambio-entre-berlin-y-munich\/\" \/>\n<meta property=\"og:site_name\" content=\"Instituto Ballester\" \/>\n<meta property=\"article:publisher\" content=\"https:\/\/www.facebook.com\/iballesterDS\" \/>\n<meta property=\"article:published_time\" content=\"2022-12-06T13:00:34+00:00\" \/>\n<meta property=\"article:modified_time\" content=\"2023-01-18T14:21:05+00:00\" \/>\n<meta property=\"og:image\" content=\"https:\/\/iballester.edu.ar\/wp-content\/uploads\/2022\/12\/Berlin00.jpg\" \/>\n\t<meta property=\"og:image:width\" content=\"1024\" \/>\n\t<meta property=\"og:image:height\" content=\"768\" \/>\n\t<meta property=\"og:image:type\" content=\"image\/jpeg\" \/>\n<meta name=\"author\" content=\"Christian\" \/>\n<meta name=\"twitter:card\" content=\"summary_large_image\" \/>\n<meta name=\"twitter:label1\" content=\"Verfasst von\" \/>\n\t<meta name=\"twitter:data1\" content=\"Christian\" \/>\n\t<meta name=\"twitter:label2\" content=\"Gesch\u00e4tzte Lesezeit\" \/>\n\t<meta name=\"twitter:data2\" content=\"6\u00a0Minuten\" \/>\n<script type=\"application\/ld+json\" class=\"yoast-schema-graph\">{\"@context\":\"https:\\\/\\\/schema.org\",\"@graph\":[{\"@type\":\"Article\",\"@id\":\"https:\\\/\\\/iballester.edu.ar\\\/los-alumnos-y-las-alumnas-del-intercambio-entre-berlin-y-munich\\\/#article\",\"isPartOf\":{\"@id\":\"https:\\\/\\\/iballester.edu.ar\\\/los-alumnos-y-las-alumnas-del-intercambio-entre-berlin-y-munich\\\/\"},\"author\":{\"name\":\"Christian\",\"@id\":\"https:\\\/\\\/www.iballester.edu.ar\\\/de\\\/#\\\/schema\\\/person\\\/11d2b393acc7e159aa66c01abcbd2022\"},\"headline\":\"Los alumnos y las alumnas del intercambio entre Berlin y Munich\",\"datePublished\":\"2022-12-06T13:00:34+00:00\",\"dateModified\":\"2023-01-18T14:21:05+00:00\",\"mainEntityOfPage\":{\"@id\":\"https:\\\/\\\/iballester.edu.ar\\\/los-alumnos-y-las-alumnas-del-intercambio-entre-berlin-y-munich\\\/\"},\"wordCount\":1302,\"publisher\":{\"@id\":\"https:\\\/\\\/www.iballester.edu.ar\\\/de\\\/#organization\"},\"image\":{\"@id\":\"https:\\\/\\\/iballester.edu.ar\\\/los-alumnos-y-las-alumnas-del-intercambio-entre-berlin-y-munich\\\/#primaryimage\"},\"thumbnailUrl\":\"https:\\\/\\\/iballester.edu.ar\\\/wp-content\\\/uploads\\\/2022\\\/12\\\/Berlin00.jpg\",\"keywords\":[\"intercambio\"],\"articleSection\":[\"Generales\"],\"inLanguage\":\"de\"},{\"@type\":\"WebPage\",\"@id\":\"https:\\\/\\\/iballester.edu.ar\\\/los-alumnos-y-las-alumnas-del-intercambio-entre-berlin-y-munich\\\/\",\"url\":\"https:\\\/\\\/iballester.edu.ar\\\/los-alumnos-y-las-alumnas-del-intercambio-entre-berlin-y-munich\\\/\",\"name\":\"Los alumnos y las alumnas del intercambio entre Berlin y Munich\",\"isPartOf\":{\"@id\":\"https:\\\/\\\/www.iballester.edu.ar\\\/de\\\/#website\"},\"primaryImageOfPage\":{\"@id\":\"https:\\\/\\\/iballester.edu.ar\\\/los-alumnos-y-las-alumnas-del-intercambio-entre-berlin-y-munich\\\/#primaryimage\"},\"image\":{\"@id\":\"https:\\\/\\\/iballester.edu.ar\\\/los-alumnos-y-las-alumnas-del-intercambio-entre-berlin-y-munich\\\/#primaryimage\"},\"thumbnailUrl\":\"https:\\\/\\\/iballester.edu.ar\\\/wp-content\\\/uploads\\\/2022\\\/12\\\/Berlin00.jpg\",\"datePublished\":\"2022-12-06T13:00:34+00:00\",\"dateModified\":\"2023-01-18T14:21:05+00:00\",\"breadcrumb\":{\"@id\":\"https:\\\/\\\/iballester.edu.ar\\\/los-alumnos-y-las-alumnas-del-intercambio-entre-berlin-y-munich\\\/#breadcrumb\"},\"inLanguage\":\"de\",\"potentialAction\":[{\"@type\":\"ReadAction\",\"target\":[\"https:\\\/\\\/iballester.edu.ar\\\/los-alumnos-y-las-alumnas-del-intercambio-entre-berlin-y-munich\\\/\"]}]},{\"@type\":\"ImageObject\",\"inLanguage\":\"de\",\"@id\":\"https:\\\/\\\/iballester.edu.ar\\\/los-alumnos-y-las-alumnas-del-intercambio-entre-berlin-y-munich\\\/#primaryimage\",\"url\":\"https:\\\/\\\/iballester.edu.ar\\\/wp-content\\\/uploads\\\/2022\\\/12\\\/Berlin00.jpg\",\"contentUrl\":\"https:\\\/\\\/iballester.edu.ar\\\/wp-content\\\/uploads\\\/2022\\\/12\\\/Berlin00.jpg\",\"width\":1024,\"height\":768},{\"@type\":\"BreadcrumbList\",\"@id\":\"https:\\\/\\\/iballester.edu.ar\\\/los-alumnos-y-las-alumnas-del-intercambio-entre-berlin-y-munich\\\/#breadcrumb\",\"itemListElement\":[{\"@type\":\"ListItem\",\"position\":1,\"name\":\"Portada\",\"item\":\"https:\\\/\\\/iballester.edu.ar\\\/de\\\/\"},{\"@type\":\"ListItem\",\"position\":2,\"name\":\"Los alumnos y las alumnas del intercambio entre Berlin y Munich\"}]},{\"@type\":\"WebSite\",\"@id\":\"https:\\\/\\\/www.iballester.edu.ar\\\/de\\\/#website\",\"url\":\"https:\\\/\\\/www.iballester.edu.ar\\\/de\\\/\",\"name\":\"Instituto Ballester Deutsche Schule\",\"description\":\"\",\"publisher\":{\"@id\":\"https:\\\/\\\/www.iballester.edu.ar\\\/de\\\/#organization\"},\"alternateName\":\"IBallester\",\"potentialAction\":[{\"@type\":\"SearchAction\",\"target\":{\"@type\":\"EntryPoint\",\"urlTemplate\":\"https:\\\/\\\/www.iballester.edu.ar\\\/de\\\/?s={search_term_string}\"},\"query-input\":{\"@type\":\"PropertyValueSpecification\",\"valueRequired\":true,\"valueName\":\"search_term_string\"}}],\"inLanguage\":\"de\"},{\"@type\":\"Organization\",\"@id\":\"https:\\\/\\\/www.iballester.edu.ar\\\/de\\\/#organization\",\"name\":\"Instituto Ballester Deutsche Schule\",\"alternateName\":\"IBallester\",\"url\":\"https:\\\/\\\/www.iballester.edu.ar\\\/de\\\/\",\"logo\":{\"@type\":\"ImageObject\",\"inLanguage\":\"de\",\"@id\":\"https:\\\/\\\/www.iballester.edu.ar\\\/de\\\/#\\\/schema\\\/logo\\\/image\\\/\",\"url\":\"https:\\\/\\\/iballester.edu.ar\\\/wp-content\\\/uploads\\\/2023\\\/07\\\/IBallester-logo-meta.jpg\",\"contentUrl\":\"https:\\\/\\\/iballester.edu.ar\\\/wp-content\\\/uploads\\\/2023\\\/07\\\/IBallester-logo-meta.jpg\",\"width\":1920,\"height\":1080,\"caption\":\"Instituto Ballester Deutsche Schule\"},\"image\":{\"@id\":\"https:\\\/\\\/www.iballester.edu.ar\\\/de\\\/#\\\/schema\\\/logo\\\/image\\\/\"},\"sameAs\":[\"https:\\\/\\\/www.facebook.com\\\/iballesterDS\",\"https:\\\/\\\/www.instagram.com\\\/iballesteroficial\\\/\",\"https:\\\/\\\/www.youtube.com\\\/@IBallesterDS\",\"https:\\\/\\\/www.linkedin.com\\\/in\\\/instituto-ballester-deutsche-schule-310b89128\\\/\"]},{\"@type\":\"Person\",\"@id\":\"https:\\\/\\\/www.iballester.edu.ar\\\/de\\\/#\\\/schema\\\/person\\\/11d2b393acc7e159aa66c01abcbd2022\",\"name\":\"Christian\",\"image\":{\"@type\":\"ImageObject\",\"inLanguage\":\"de\",\"@id\":\"https:\\\/\\\/secure.gravatar.com\\\/avatar\\\/dd30bd59edf92ce4a04782e3a8acff1c4d4764bac83b2bd2a3792ab809d068e7?s=96&d=mm&r=g\",\"url\":\"https:\\\/\\\/secure.gravatar.com\\\/avatar\\\/dd30bd59edf92ce4a04782e3a8acff1c4d4764bac83b2bd2a3792ab809d068e7?s=96&d=mm&r=g\",\"contentUrl\":\"https:\\\/\\\/secure.gravatar.com\\\/avatar\\\/dd30bd59edf92ce4a04782e3a8acff1c4d4764bac83b2bd2a3792ab809d068e7?s=96&d=mm&r=g\",\"caption\":\"Christian\"}}]}<\/script>\n<!-- \/ Yoast SEO plugin. -->","yoast_head_json":{"title":"Los alumnos y las alumnas del intercambio entre Berlin y Munich","robots":{"index":"index","follow":"follow","max-snippet":"max-snippet:-1","max-image-preview":"max-image-preview:large","max-video-preview":"max-video-preview:-1"},"canonical":"https:\/\/iballester.edu.ar\/los-alumnos-y-las-alumnas-del-intercambio-entre-berlin-y-munich\/","og_locale":"de_DE","og_type":"article","og_title":"Los alumnos y las alumnas del intercambio entre Berlin y Munich","og_description":"Nuestros alumnos y alumnas disfrutan de su viaje de intercambio por Alemania, en las hermosas ciudades de Berlin y Munich.","og_url":"https:\/\/iballester.edu.ar\/los-alumnos-y-las-alumnas-del-intercambio-entre-berlin-y-munich\/","og_site_name":"Instituto Ballester","article_publisher":"https:\/\/www.facebook.com\/iballesterDS","article_published_time":"2022-12-06T13:00:34+00:00","article_modified_time":"2023-01-18T14:21:05+00:00","og_image":[{"width":1024,"height":768,"url":"https:\/\/iballester.edu.ar\/wp-content\/uploads\/2022\/12\/Berlin00.jpg","type":"image\/jpeg"}],"author":"Christian","twitter_card":"summary_large_image","twitter_misc":{"Verfasst von":"Christian","Gesch\u00e4tzte Lesezeit":"6\u00a0Minuten"},"schema":{"@context":"https:\/\/schema.org","@graph":[{"@type":"Article","@id":"https:\/\/iballester.edu.ar\/los-alumnos-y-las-alumnas-del-intercambio-entre-berlin-y-munich\/#article","isPartOf":{"@id":"https:\/\/iballester.edu.ar\/los-alumnos-y-las-alumnas-del-intercambio-entre-berlin-y-munich\/"},"author":{"name":"Christian","@id":"https:\/\/www.iballester.edu.ar\/de\/#\/schema\/person\/11d2b393acc7e159aa66c01abcbd2022"},"headline":"Los alumnos y las alumnas del intercambio entre Berlin y Munich","datePublished":"2022-12-06T13:00:34+00:00","dateModified":"2023-01-18T14:21:05+00:00","mainEntityOfPage":{"@id":"https:\/\/iballester.edu.ar\/los-alumnos-y-las-alumnas-del-intercambio-entre-berlin-y-munich\/"},"wordCount":1302,"publisher":{"@id":"https:\/\/www.iballester.edu.ar\/de\/#organization"},"image":{"@id":"https:\/\/iballester.edu.ar\/los-alumnos-y-las-alumnas-del-intercambio-entre-berlin-y-munich\/#primaryimage"},"thumbnailUrl":"https:\/\/iballester.edu.ar\/wp-content\/uploads\/2022\/12\/Berlin00.jpg","keywords":["intercambio"],"articleSection":["Generales"],"inLanguage":"de"},{"@type":"WebPage","@id":"https:\/\/iballester.edu.ar\/los-alumnos-y-las-alumnas-del-intercambio-entre-berlin-y-munich\/","url":"https:\/\/iballester.edu.ar\/los-alumnos-y-las-alumnas-del-intercambio-entre-berlin-y-munich\/","name":"Los alumnos y las alumnas del intercambio entre Berlin y Munich","isPartOf":{"@id":"https:\/\/www.iballester.edu.ar\/de\/#website"},"primaryImageOfPage":{"@id":"https:\/\/iballester.edu.ar\/los-alumnos-y-las-alumnas-del-intercambio-entre-berlin-y-munich\/#primaryimage"},"image":{"@id":"https:\/\/iballester.edu.ar\/los-alumnos-y-las-alumnas-del-intercambio-entre-berlin-y-munich\/#primaryimage"},"thumbnailUrl":"https:\/\/iballester.edu.ar\/wp-content\/uploads\/2022\/12\/Berlin00.jpg","datePublished":"2022-12-06T13:00:34+00:00","dateModified":"2023-01-18T14:21:05+00:00","breadcrumb":{"@id":"https:\/\/iballester.edu.ar\/los-alumnos-y-las-alumnas-del-intercambio-entre-berlin-y-munich\/#breadcrumb"},"inLanguage":"de","potentialAction":[{"@type":"ReadAction","target":["https:\/\/iballester.edu.ar\/los-alumnos-y-las-alumnas-del-intercambio-entre-berlin-y-munich\/"]}]},{"@type":"ImageObject","inLanguage":"de","@id":"https:\/\/iballester.edu.ar\/los-alumnos-y-las-alumnas-del-intercambio-entre-berlin-y-munich\/#primaryimage","url":"https:\/\/iballester.edu.ar\/wp-content\/uploads\/2022\/12\/Berlin00.jpg","contentUrl":"https:\/\/iballester.edu.ar\/wp-content\/uploads\/2022\/12\/Berlin00.jpg","width":1024,"height":768},{"@type":"BreadcrumbList","@id":"https:\/\/iballester.edu.ar\/los-alumnos-y-las-alumnas-del-intercambio-entre-berlin-y-munich\/#breadcrumb","itemListElement":[{"@type":"ListItem","position":1,"name":"Portada","item":"https:\/\/iballester.edu.ar\/de\/"},{"@type":"ListItem","position":2,"name":"Los alumnos y las alumnas del intercambio entre Berlin y Munich"}]},{"@type":"WebSite","@id":"https:\/\/www.iballester.edu.ar\/de\/#website","url":"https:\/\/www.iballester.edu.ar\/de\/","name":"Instituto Ballester Deutsche Schule","description":"","publisher":{"@id":"https:\/\/www.iballester.edu.ar\/de\/#organization"},"alternateName":"IBallester","potentialAction":[{"@type":"SearchAction","target":{"@type":"EntryPoint","urlTemplate":"https:\/\/www.iballester.edu.ar\/de\/?s={search_term_string}"},"query-input":{"@type":"PropertyValueSpecification","valueRequired":true,"valueName":"search_term_string"}}],"inLanguage":"de"},{"@type":"Organization","@id":"https:\/\/www.iballester.edu.ar\/de\/#organization","name":"Instituto Ballester Deutsche Schule","alternateName":"IBallester","url":"https:\/\/www.iballester.edu.ar\/de\/","logo":{"@type":"ImageObject","inLanguage":"de","@id":"https:\/\/www.iballester.edu.ar\/de\/#\/schema\/logo\/image\/","url":"https:\/\/iballester.edu.ar\/wp-content\/uploads\/2023\/07\/IBallester-logo-meta.jpg","contentUrl":"https:\/\/iballester.edu.ar\/wp-content\/uploads\/2023\/07\/IBallester-logo-meta.jpg","width":1920,"height":1080,"caption":"Instituto Ballester Deutsche Schule"},"image":{"@id":"https:\/\/www.iballester.edu.ar\/de\/#\/schema\/logo\/image\/"},"sameAs":["https:\/\/www.facebook.com\/iballesterDS","https:\/\/www.instagram.com\/iballesteroficial\/","https:\/\/www.youtube.com\/@IBallesterDS","https:\/\/www.linkedin.com\/in\/instituto-ballester-deutsche-schule-310b89128\/"]},{"@type":"Person","@id":"https:\/\/www.iballester.edu.ar\/de\/#\/schema\/person\/11d2b393acc7e159aa66c01abcbd2022","name":"Christian","image":{"@type":"ImageObject","inLanguage":"de","@id":"https:\/\/secure.gravatar.com\/avatar\/dd30bd59edf92ce4a04782e3a8acff1c4d4764bac83b2bd2a3792ab809d068e7?s=96&d=mm&r=g","url":"https:\/\/secure.gravatar.com\/avatar\/dd30bd59edf92ce4a04782e3a8acff1c4d4764bac83b2bd2a3792ab809d068e7?s=96&d=mm&r=g","contentUrl":"https:\/\/secure.gravatar.com\/avatar\/dd30bd59edf92ce4a04782e3a8acff1c4d4764bac83b2bd2a3792ab809d068e7?s=96&d=mm&r=g","caption":"Christian"}}]}},"_links":{"self":[{"href":"https:\/\/iballester.edu.ar\/de\/wp-json\/wp\/v2\/posts\/6502","targetHints":{"allow":["GET"]}}],"collection":[{"href":"https:\/\/iballester.edu.ar\/de\/wp-json\/wp\/v2\/posts"}],"about":[{"href":"https:\/\/iballester.edu.ar\/de\/wp-json\/wp\/v2\/types\/post"}],"author":[{"embeddable":true,"href":"https:\/\/iballester.edu.ar\/de\/wp-json\/wp\/v2\/users\/2"}],"replies":[{"embeddable":true,"href":"https:\/\/iballester.edu.ar\/de\/wp-json\/wp\/v2\/comments?post=6502"}],"version-history":[{"count":0,"href":"https:\/\/iballester.edu.ar\/de\/wp-json\/wp\/v2\/posts\/6502\/revisions"}],"wp:featuredmedia":[{"embeddable":true,"href":"https:\/\/iballester.edu.ar\/de\/wp-json\/wp\/v2\/media\/6538"}],"wp:attachment":[{"href":"https:\/\/iballester.edu.ar\/de\/wp-json\/wp\/v2\/media?parent=6502"}],"wp:term":[{"taxonomy":"category","embeddable":true,"href":"https:\/\/iballester.edu.ar\/de\/wp-json\/wp\/v2\/categories?post=6502"},{"taxonomy":"post_tag","embeddable":true,"href":"https:\/\/iballester.edu.ar\/de\/wp-json\/wp\/v2\/tags?post=6502"}],"curies":[{"name":"wp","href":"https:\/\/api.w.org\/{rel}","templated":true}]}}