{"id":5919,"date":"1922-04-30T00:05:22","date_gmt":"1922-04-30T04:05:22","guid":{"rendered":"https:\/\/www.iballester.edu.ar\/1922-1930\/"},"modified":"2022-04-30T21:27:22","modified_gmt":"2022-05-01T00:27:22","slug":"1922-1930","status":"publish","type":"post","link":"https:\/\/iballester.edu.ar\/de\/1922-1930\/","title":{"rendered":"1922 &#8211; 1930"},"content":{"rendered":"<h3 style=\"text-align: center;\">Gr\u00fcndung des Deutschen Schulvereins Villa Ballester<\/h3>\n<p>Am 30. April 1922 begann unsere Schulgeschichte. Etwa 20 Teilnehmer, zumeist deutsche Einwanderer, kamen zusammen und beschlossen, den Deutschen Schulverein Villa Ballester zu gr\u00fcnden. Bei der ersten Generalversammlung am 2. Juli desselben Jahres wurde der erste Vorstand gew\u00e4hlt und beschlossen, die vier Monate zuvor gegr\u00fcndete Schule von Karl B\u00fchler zu kaufen.<\/p>\n<p>Am 1. August 1922 nahm die Schule unter der Leitung von Herrn Karl B\u00fchler ihren Betrieb in der Stra\u00dfe Pac\u00edfico Rodriguez 229 auf. Zu diesem Zeitpunkt z\u00e4hlte die Schule sechsundzwanzig Sch\u00fcler\/-innen in sechs Klassen verschiedener Jahrgangsstufen und zwei Lehrkr\u00e4fte. Die meisten Sch\u00fcler\/-innen waren Ausl\u00e4nder\/-innen: Deutsche, \u00d6sterreicher\/-innen und Schweizer\/-innen; zw\u00f6lf waren Deutschargentinier\/-innen. Vierundzwanzig der sechsundzwanzig Sch\u00fcler\/-innen sprachen Deutsch.<\/p>\n<p>Im Jahr 1923 erhielt die Schule die staatliche Anerkennung und 1925 bezog der Deutsche Schulverein Villa Ballester sein erstes eigenes Geb\u00e4ude in der Stra\u00dfe Lacroze 133, wo er bis 1945 t\u00e4tig war. Zu dieser Zeit z\u00e4hlte die Schule ca. achtundf\u00fcnfzig Sch\u00fcler\/-innen.<\/p>\n<p>1927 wurde ein Kindergarten angegliedert. Achtzehn Kinder nahmen am Unterricht unter der Leitung von Frau Anna Korbel teil.<\/p>\n","protected":false},"excerpt":{"rendered":"<p>Gr\u00fcndung des Deutschen Schulvereins Villa Ballester Am 30. April 1922  [&#8230;]<\/p>\n","protected":false},"author":2,"featured_media":5892,"comment_status":"closed","ping_status":"closed","sticky":false,"template":"","format":"standard","meta":{"_joinchat":[],"footnotes":""},"categories":[205],"tags":[],"class_list":["post-5919","post","type-post","status-publish","format-standard","has-post-thumbnail","hentry","category-historia-de"],"yoast_head":"<!-- This site is optimized with the Yoast SEO plugin v27.4 - https:\/\/yoast.com\/product\/yoast-seo-wordpress\/ -->\n<title>1922 - 1930<\/title>\n<meta name=\"description\" content=\"30. April 1922 begin unserer Schulgeschichte. Der Deutschen Schulverein Villa Ballester wurde gegr\u00fcndet.\" \/>\n<meta name=\"robots\" content=\"index, follow, max-snippet:-1, max-image-preview:large, max-video-preview:-1\" \/>\n<link rel=\"canonical\" href=\"https:\/\/iballester.edu.ar\/de\/1922-1930\/\" \/>\n<meta property=\"og:locale\" content=\"de_DE\" \/>\n<meta property=\"og:type\" content=\"article\" \/>\n<meta property=\"og:title\" content=\"1922 - 1930\" \/>\n<meta property=\"og:description\" content=\"30. April 1922 begin unserer Schulgeschichte. Der Deutschen Schulverein Villa Ballester wurde gegr\u00fcndet.\" \/>\n<meta property=\"og:url\" content=\"https:\/\/iballester.edu.ar\/de\/1922-1930\/\" \/>\n<meta property=\"og:site_name\" content=\"Instituto Ballester\" \/>\n<meta property=\"article:publisher\" content=\"https:\/\/www.facebook.com\/iballesterDS\" \/>\n<meta property=\"article:published_time\" content=\"1922-04-30T04:05:22+00:00\" \/>\n<meta property=\"article:modified_time\" content=\"2022-05-01T00:27:22+00:00\" \/>\n<meta property=\"og:image\" content=\"https:\/\/iballester.edu.ar\/wp-content\/uploads\/2022\/01\/IBallester-1922-1930_Pacifico-Rodriguez-229-dibujo-ML.jpg\" \/>\n\t<meta property=\"og:image:width\" content=\"1280\" \/>\n\t<meta property=\"og:image:height\" content=\"720\" \/>\n\t<meta property=\"og:image:type\" content=\"image\/jpeg\" \/>\n<meta name=\"author\" content=\"Christian\" \/>\n<meta name=\"twitter:card\" content=\"summary_large_image\" \/>\n<meta name=\"twitter:label1\" content=\"Verfasst von\" \/>\n\t<meta name=\"twitter:data1\" content=\"Christian\" \/>\n\t<meta name=\"twitter:label2\" content=\"Gesch\u00e4tzte Lesezeit\" \/>\n\t<meta name=\"twitter:data2\" content=\"1\u00a0Minute\" \/>\n<script type=\"application\/ld+json\" class=\"yoast-schema-graph\">{\"@context\":\"https:\\\/\\\/schema.org\",\"@graph\":[{\"@type\":\"Article\",\"@id\":\"https:\\\/\\\/iballester.edu.ar\\\/de\\\/1922-1930\\\/#article\",\"isPartOf\":{\"@id\":\"https:\\\/\\\/iballester.edu.ar\\\/de\\\/1922-1930\\\/\"},\"author\":{\"name\":\"Christian\",\"@id\":\"https:\\\/\\\/www.iballester.edu.ar\\\/de\\\/#\\\/schema\\\/person\\\/11d2b393acc7e159aa66c01abcbd2022\"},\"headline\":\"1922 &#8211; 1930\",\"datePublished\":\"1922-04-30T04:05:22+00:00\",\"dateModified\":\"2022-05-01T00:27:22+00:00\",\"mainEntityOfPage\":{\"@id\":\"https:\\\/\\\/iballester.edu.ar\\\/de\\\/1922-1930\\\/\"},\"wordCount\":191,\"publisher\":{\"@id\":\"https:\\\/\\\/www.iballester.edu.ar\\\/de\\\/#organization\"},\"image\":{\"@id\":\"https:\\\/\\\/iballester.edu.ar\\\/de\\\/1922-1930\\\/#primaryimage\"},\"thumbnailUrl\":\"https:\\\/\\\/iballester.edu.ar\\\/wp-content\\\/uploads\\\/2022\\\/01\\\/IBallester-1922-1930_Pacifico-Rodriguez-229-dibujo-ML.jpg\",\"articleSection\":[\"Historia\"],\"inLanguage\":\"de\"},{\"@type\":\"WebPage\",\"@id\":\"https:\\\/\\\/iballester.edu.ar\\\/de\\\/1922-1930\\\/\",\"url\":\"https:\\\/\\\/iballester.edu.ar\\\/de\\\/1922-1930\\\/\",\"name\":\"1922 - 1930\",\"isPartOf\":{\"@id\":\"https:\\\/\\\/www.iballester.edu.ar\\\/de\\\/#website\"},\"primaryImageOfPage\":{\"@id\":\"https:\\\/\\\/iballester.edu.ar\\\/de\\\/1922-1930\\\/#primaryimage\"},\"image\":{\"@id\":\"https:\\\/\\\/iballester.edu.ar\\\/de\\\/1922-1930\\\/#primaryimage\"},\"thumbnailUrl\":\"https:\\\/\\\/iballester.edu.ar\\\/wp-content\\\/uploads\\\/2022\\\/01\\\/IBallester-1922-1930_Pacifico-Rodriguez-229-dibujo-ML.jpg\",\"datePublished\":\"1922-04-30T04:05:22+00:00\",\"dateModified\":\"2022-05-01T00:27:22+00:00\",\"description\":\"30. April 1922 begin unserer Schulgeschichte. Der Deutschen Schulverein Villa Ballester wurde gegr\u00fcndet.\",\"breadcrumb\":{\"@id\":\"https:\\\/\\\/iballester.edu.ar\\\/de\\\/1922-1930\\\/#breadcrumb\"},\"inLanguage\":\"de\",\"potentialAction\":[{\"@type\":\"ReadAction\",\"target\":[\"https:\\\/\\\/iballester.edu.ar\\\/de\\\/1922-1930\\\/\"]}]},{\"@type\":\"ImageObject\",\"inLanguage\":\"de\",\"@id\":\"https:\\\/\\\/iballester.edu.ar\\\/de\\\/1922-1930\\\/#primaryimage\",\"url\":\"https:\\\/\\\/iballester.edu.ar\\\/wp-content\\\/uploads\\\/2022\\\/01\\\/IBallester-1922-1930_Pacifico-Rodriguez-229-dibujo-ML.jpg\",\"contentUrl\":\"https:\\\/\\\/iballester.edu.ar\\\/wp-content\\\/uploads\\\/2022\\\/01\\\/IBallester-1922-1930_Pacifico-Rodriguez-229-dibujo-ML.jpg\",\"width\":1280,\"height\":720},{\"@type\":\"BreadcrumbList\",\"@id\":\"https:\\\/\\\/iballester.edu.ar\\\/de\\\/1922-1930\\\/#breadcrumb\",\"itemListElement\":[{\"@type\":\"ListItem\",\"position\":1,\"name\":\"Portada\",\"item\":\"https:\\\/\\\/iballester.edu.ar\\\/de\\\/\"},{\"@type\":\"ListItem\",\"position\":2,\"name\":\"1922 &#8211; 1930\"}]},{\"@type\":\"WebSite\",\"@id\":\"https:\\\/\\\/www.iballester.edu.ar\\\/de\\\/#website\",\"url\":\"https:\\\/\\\/www.iballester.edu.ar\\\/de\\\/\",\"name\":\"Instituto Ballester Deutsche Schule\",\"description\":\"\",\"publisher\":{\"@id\":\"https:\\\/\\\/www.iballester.edu.ar\\\/de\\\/#organization\"},\"alternateName\":\"IBallester\",\"potentialAction\":[{\"@type\":\"SearchAction\",\"target\":{\"@type\":\"EntryPoint\",\"urlTemplate\":\"https:\\\/\\\/www.iballester.edu.ar\\\/de\\\/?s={search_term_string}\"},\"query-input\":{\"@type\":\"PropertyValueSpecification\",\"valueRequired\":true,\"valueName\":\"search_term_string\"}}],\"inLanguage\":\"de\"},{\"@type\":\"Organization\",\"@id\":\"https:\\\/\\\/www.iballester.edu.ar\\\/de\\\/#organization\",\"name\":\"Instituto Ballester Deutsche Schule\",\"alternateName\":\"IBallester\",\"url\":\"https:\\\/\\\/www.iballester.edu.ar\\\/de\\\/\",\"logo\":{\"@type\":\"ImageObject\",\"inLanguage\":\"de\",\"@id\":\"https:\\\/\\\/www.iballester.edu.ar\\\/de\\\/#\\\/schema\\\/logo\\\/image\\\/\",\"url\":\"https:\\\/\\\/iballester.edu.ar\\\/wp-content\\\/uploads\\\/2023\\\/07\\\/IBallester-logo-meta.jpg\",\"contentUrl\":\"https:\\\/\\\/iballester.edu.ar\\\/wp-content\\\/uploads\\\/2023\\\/07\\\/IBallester-logo-meta.jpg\",\"width\":1920,\"height\":1080,\"caption\":\"Instituto Ballester Deutsche Schule\"},\"image\":{\"@id\":\"https:\\\/\\\/www.iballester.edu.ar\\\/de\\\/#\\\/schema\\\/logo\\\/image\\\/\"},\"sameAs\":[\"https:\\\/\\\/www.facebook.com\\\/iballesterDS\",\"https:\\\/\\\/www.instagram.com\\\/iballesteroficial\\\/\",\"https:\\\/\\\/www.youtube.com\\\/@IBallesterDS\",\"https:\\\/\\\/www.linkedin.com\\\/in\\\/instituto-ballester-deutsche-schule-310b89128\\\/\"]},{\"@type\":\"Person\",\"@id\":\"https:\\\/\\\/www.iballester.edu.ar\\\/de\\\/#\\\/schema\\\/person\\\/11d2b393acc7e159aa66c01abcbd2022\",\"name\":\"Christian\",\"image\":{\"@type\":\"ImageObject\",\"inLanguage\":\"de\",\"@id\":\"https:\\\/\\\/secure.gravatar.com\\\/avatar\\\/dd30bd59edf92ce4a04782e3a8acff1c4d4764bac83b2bd2a3792ab809d068e7?s=96&d=mm&r=g\",\"url\":\"https:\\\/\\\/secure.gravatar.com\\\/avatar\\\/dd30bd59edf92ce4a04782e3a8acff1c4d4764bac83b2bd2a3792ab809d068e7?s=96&d=mm&r=g\",\"contentUrl\":\"https:\\\/\\\/secure.gravatar.com\\\/avatar\\\/dd30bd59edf92ce4a04782e3a8acff1c4d4764bac83b2bd2a3792ab809d068e7?s=96&d=mm&r=g\",\"caption\":\"Christian\"}}]}<\/script>\n<!-- \/ Yoast SEO plugin. -->","yoast_head_json":{"title":"1922 - 1930","description":"30. April 1922 begin unserer Schulgeschichte. Der Deutschen Schulverein Villa Ballester wurde gegr\u00fcndet.","robots":{"index":"index","follow":"follow","max-snippet":"max-snippet:-1","max-image-preview":"max-image-preview:large","max-video-preview":"max-video-preview:-1"},"canonical":"https:\/\/iballester.edu.ar\/de\/1922-1930\/","og_locale":"de_DE","og_type":"article","og_title":"1922 - 1930","og_description":"30. April 1922 begin unserer Schulgeschichte. Der Deutschen Schulverein Villa Ballester wurde gegr\u00fcndet.","og_url":"https:\/\/iballester.edu.ar\/de\/1922-1930\/","og_site_name":"Instituto Ballester","article_publisher":"https:\/\/www.facebook.com\/iballesterDS","article_published_time":"1922-04-30T04:05:22+00:00","article_modified_time":"2022-05-01T00:27:22+00:00","og_image":[{"width":1280,"height":720,"url":"https:\/\/iballester.edu.ar\/wp-content\/uploads\/2022\/01\/IBallester-1922-1930_Pacifico-Rodriguez-229-dibujo-ML.jpg","type":"image\/jpeg"}],"author":"Christian","twitter_card":"summary_large_image","twitter_misc":{"Verfasst von":"Christian","Gesch\u00e4tzte Lesezeit":"1\u00a0Minute"},"schema":{"@context":"https:\/\/schema.org","@graph":[{"@type":"Article","@id":"https:\/\/iballester.edu.ar\/de\/1922-1930\/#article","isPartOf":{"@id":"https:\/\/iballester.edu.ar\/de\/1922-1930\/"},"author":{"name":"Christian","@id":"https:\/\/www.iballester.edu.ar\/de\/#\/schema\/person\/11d2b393acc7e159aa66c01abcbd2022"},"headline":"1922 &#8211; 1930","datePublished":"1922-04-30T04:05:22+00:00","dateModified":"2022-05-01T00:27:22+00:00","mainEntityOfPage":{"@id":"https:\/\/iballester.edu.ar\/de\/1922-1930\/"},"wordCount":191,"publisher":{"@id":"https:\/\/www.iballester.edu.ar\/de\/#organization"},"image":{"@id":"https:\/\/iballester.edu.ar\/de\/1922-1930\/#primaryimage"},"thumbnailUrl":"https:\/\/iballester.edu.ar\/wp-content\/uploads\/2022\/01\/IBallester-1922-1930_Pacifico-Rodriguez-229-dibujo-ML.jpg","articleSection":["Historia"],"inLanguage":"de"},{"@type":"WebPage","@id":"https:\/\/iballester.edu.ar\/de\/1922-1930\/","url":"https:\/\/iballester.edu.ar\/de\/1922-1930\/","name":"1922 - 1930","isPartOf":{"@id":"https:\/\/www.iballester.edu.ar\/de\/#website"},"primaryImageOfPage":{"@id":"https:\/\/iballester.edu.ar\/de\/1922-1930\/#primaryimage"},"image":{"@id":"https:\/\/iballester.edu.ar\/de\/1922-1930\/#primaryimage"},"thumbnailUrl":"https:\/\/iballester.edu.ar\/wp-content\/uploads\/2022\/01\/IBallester-1922-1930_Pacifico-Rodriguez-229-dibujo-ML.jpg","datePublished":"1922-04-30T04:05:22+00:00","dateModified":"2022-05-01T00:27:22+00:00","description":"30. April 1922 begin unserer Schulgeschichte. Der Deutschen Schulverein Villa Ballester wurde gegr\u00fcndet.","breadcrumb":{"@id":"https:\/\/iballester.edu.ar\/de\/1922-1930\/#breadcrumb"},"inLanguage":"de","potentialAction":[{"@type":"ReadAction","target":["https:\/\/iballester.edu.ar\/de\/1922-1930\/"]}]},{"@type":"ImageObject","inLanguage":"de","@id":"https:\/\/iballester.edu.ar\/de\/1922-1930\/#primaryimage","url":"https:\/\/iballester.edu.ar\/wp-content\/uploads\/2022\/01\/IBallester-1922-1930_Pacifico-Rodriguez-229-dibujo-ML.jpg","contentUrl":"https:\/\/iballester.edu.ar\/wp-content\/uploads\/2022\/01\/IBallester-1922-1930_Pacifico-Rodriguez-229-dibujo-ML.jpg","width":1280,"height":720},{"@type":"BreadcrumbList","@id":"https:\/\/iballester.edu.ar\/de\/1922-1930\/#breadcrumb","itemListElement":[{"@type":"ListItem","position":1,"name":"Portada","item":"https:\/\/iballester.edu.ar\/de\/"},{"@type":"ListItem","position":2,"name":"1922 &#8211; 1930"}]},{"@type":"WebSite","@id":"https:\/\/www.iballester.edu.ar\/de\/#website","url":"https:\/\/www.iballester.edu.ar\/de\/","name":"Instituto Ballester Deutsche Schule","description":"","publisher":{"@id":"https:\/\/www.iballester.edu.ar\/de\/#organization"},"alternateName":"IBallester","potentialAction":[{"@type":"SearchAction","target":{"@type":"EntryPoint","urlTemplate":"https:\/\/www.iballester.edu.ar\/de\/?s={search_term_string}"},"query-input":{"@type":"PropertyValueSpecification","valueRequired":true,"valueName":"search_term_string"}}],"inLanguage":"de"},{"@type":"Organization","@id":"https:\/\/www.iballester.edu.ar\/de\/#organization","name":"Instituto Ballester Deutsche Schule","alternateName":"IBallester","url":"https:\/\/www.iballester.edu.ar\/de\/","logo":{"@type":"ImageObject","inLanguage":"de","@id":"https:\/\/www.iballester.edu.ar\/de\/#\/schema\/logo\/image\/","url":"https:\/\/iballester.edu.ar\/wp-content\/uploads\/2023\/07\/IBallester-logo-meta.jpg","contentUrl":"https:\/\/iballester.edu.ar\/wp-content\/uploads\/2023\/07\/IBallester-logo-meta.jpg","width":1920,"height":1080,"caption":"Instituto Ballester Deutsche Schule"},"image":{"@id":"https:\/\/www.iballester.edu.ar\/de\/#\/schema\/logo\/image\/"},"sameAs":["https:\/\/www.facebook.com\/iballesterDS","https:\/\/www.instagram.com\/iballesteroficial\/","https:\/\/www.youtube.com\/@IBallesterDS","https:\/\/www.linkedin.com\/in\/instituto-ballester-deutsche-schule-310b89128\/"]},{"@type":"Person","@id":"https:\/\/www.iballester.edu.ar\/de\/#\/schema\/person\/11d2b393acc7e159aa66c01abcbd2022","name":"Christian","image":{"@type":"ImageObject","inLanguage":"de","@id":"https:\/\/secure.gravatar.com\/avatar\/dd30bd59edf92ce4a04782e3a8acff1c4d4764bac83b2bd2a3792ab809d068e7?s=96&d=mm&r=g","url":"https:\/\/secure.gravatar.com\/avatar\/dd30bd59edf92ce4a04782e3a8acff1c4d4764bac83b2bd2a3792ab809d068e7?s=96&d=mm&r=g","contentUrl":"https:\/\/secure.gravatar.com\/avatar\/dd30bd59edf92ce4a04782e3a8acff1c4d4764bac83b2bd2a3792ab809d068e7?s=96&d=mm&r=g","caption":"Christian"}}]}},"_links":{"self":[{"href":"https:\/\/iballester.edu.ar\/de\/wp-json\/wp\/v2\/posts\/5919","targetHints":{"allow":["GET"]}}],"collection":[{"href":"https:\/\/iballester.edu.ar\/de\/wp-json\/wp\/v2\/posts"}],"about":[{"href":"https:\/\/iballester.edu.ar\/de\/wp-json\/wp\/v2\/types\/post"}],"author":[{"embeddable":true,"href":"https:\/\/iballester.edu.ar\/de\/wp-json\/wp\/v2\/users\/2"}],"replies":[{"embeddable":true,"href":"https:\/\/iballester.edu.ar\/de\/wp-json\/wp\/v2\/comments?post=5919"}],"version-history":[{"count":0,"href":"https:\/\/iballester.edu.ar\/de\/wp-json\/wp\/v2\/posts\/5919\/revisions"}],"wp:featuredmedia":[{"embeddable":true,"href":"https:\/\/iballester.edu.ar\/de\/wp-json\/wp\/v2\/media\/5892"}],"wp:attachment":[{"href":"https:\/\/iballester.edu.ar\/de\/wp-json\/wp\/v2\/media?parent=5919"}],"wp:term":[{"taxonomy":"category","embeddable":true,"href":"https:\/\/iballester.edu.ar\/de\/wp-json\/wp\/v2\/categories?post=5919"},{"taxonomy":"post_tag","embeddable":true,"href":"https:\/\/iballester.edu.ar\/de\/wp-json\/wp\/v2\/tags?post=5919"}],"curies":[{"name":"wp","href":"https:\/\/api.w.org\/{rel}","templated":true}]}}