{"id":4351,"date":"2020-07-07T10:40:31","date_gmt":"2020-07-07T13:40:31","guid":{"rendered":"https:\/\/iballester.edu.ar\/?p=4351"},"modified":"2020-07-10T10:45:22","modified_gmt":"2020-07-10T13:45:22","slug":"los-chicos-y-el-yoga","status":"publish","type":"post","link":"https:\/\/iballester.edu.ar\/de\/los-chicos-y-el-yoga\/","title":{"rendered":"Los chicos y el yoga"},"content":{"rendered":"<p>Querida comunidad,<\/p>\n<p>en esta cuarentena en la que transitamos por momentos de ansiedad y angustia, es importante mantener ciertos h\u00e1bitos saludables, uno de ellos es la pr\u00e1ctica del yoga. Durante este per\u00edodo los chicos continuaron recibiendo material de sus profesoras de yoga y pudieron ir aprendiendo nuevas posturas.<\/p>\n<p>Los beneficios de esta actividad en los ni\u00f1os son importantes: fortalecen los m\u00fasculos y adquieren flexibilidad. A nivel mental, gracias a los ejercicios de respiraci\u00f3n consiguen relajar la mente y calmarse. El yoga les ayuda a concentrarse mejor, estimula la creatividad y elimina el estr\u00e9s.<\/p>\n<p>Compartimos con ustedes algunas im\u00e1genes que nos enviaron muy generosamente las familias en las que podemos ver a los chicos practicando yoga desde casa. \u00a1Much\u00edsimas gracias a todos!<\/p>\n<p>Agradecemos much\u00edsimo a nuestra comunidad por el apoyo y el acompa\u00f1amiento durante esta primera etapa del a\u00f1o que fue muy dura para todos.<\/p>\n<p>\u00a1Que lo disfruten! \u00a1Un c\u00e1lido saludo!<\/p>\n<p>&nbsp;<\/p>\n<p style=\"text-align: right;\"><strong>Daniela Fanelli<\/strong><br \/>\nResp. Desarrollo Institucional, Marketing y Alumni<\/p>\n","protected":false},"excerpt":{"rendered":"<p>Querida comunidad, en esta cuarentena en la que transitamos por  [&#8230;]<\/p>\n","protected":false},"author":2,"featured_media":4354,"comment_status":"closed","ping_status":"closed","sticky":false,"template":"","format":"video","meta":{"_joinchat":[],"footnotes":""},"categories":[1],"tags":[166],"class_list":["post-4351","post","type-post","status-publish","format-video","has-post-thumbnail","hentry","category-generales","tag-yoga","post_format-post-format-video"],"yoast_head":"<!-- This site is optimized with the Yoast SEO plugin v27.4 - https:\/\/yoast.com\/product\/yoast-seo-wordpress\/ -->\n<title>Los chicos y el yoga<\/title>\n<meta name=\"robots\" content=\"index, follow, max-snippet:-1, max-image-preview:large, max-video-preview:-1\" \/>\n<link rel=\"canonical\" href=\"https:\/\/iballester.edu.ar\/los-chicos-y-el-yoga\/\" \/>\n<meta property=\"og:locale\" content=\"de_DE\" \/>\n<meta property=\"og:type\" content=\"article\" \/>\n<meta property=\"og:title\" content=\"Los chicos y el yoga\" \/>\n<meta property=\"og:description\" content=\"Querida comunidad, en esta cuarentena en la que transitamos por [...]\" \/>\n<meta property=\"og:url\" content=\"https:\/\/iballester.edu.ar\/los-chicos-y-el-yoga\/\" \/>\n<meta property=\"og:site_name\" content=\"Instituto Ballester\" \/>\n<meta property=\"article:publisher\" content=\"https:\/\/www.facebook.com\/iballesterDS\" \/>\n<meta property=\"article:published_time\" content=\"2020-07-07T13:40:31+00:00\" \/>\n<meta property=\"article:modified_time\" content=\"2020-07-10T13:45:22+00:00\" \/>\n<meta property=\"og:image\" content=\"https:\/\/iballester.edu.ar\/wp-content\/uploads\/2020\/07\/large_Yoga-para-Ninos.jpg\" \/>\n\t<meta property=\"og:image:width\" content=\"860\" \/>\n\t<meta property=\"og:image:height\" content=\"592\" \/>\n\t<meta property=\"og:image:type\" content=\"image\/jpeg\" \/>\n<meta name=\"author\" content=\"Christian\" \/>\n<meta name=\"twitter:card\" content=\"summary_large_image\" \/>\n<meta name=\"twitter:label1\" content=\"Verfasst von\" \/>\n\t<meta name=\"twitter:data1\" content=\"Christian\" \/>\n\t<meta name=\"twitter:label2\" content=\"Gesch\u00e4tzte Lesezeit\" \/>\n\t<meta name=\"twitter:data2\" content=\"1\u00a0Minute\" \/>\n<script type=\"application\/ld+json\" class=\"yoast-schema-graph\">{\"@context\":\"https:\\\/\\\/schema.org\",\"@graph\":[{\"@type\":\"Article\",\"@id\":\"https:\\\/\\\/iballester.edu.ar\\\/los-chicos-y-el-yoga\\\/#article\",\"isPartOf\":{\"@id\":\"https:\\\/\\\/iballester.edu.ar\\\/los-chicos-y-el-yoga\\\/\"},\"author\":{\"name\":\"Christian\",\"@id\":\"https:\\\/\\\/www.iballester.edu.ar\\\/de\\\/#\\\/schema\\\/person\\\/11d2b393acc7e159aa66c01abcbd2022\"},\"headline\":\"Los chicos y el yoga\",\"datePublished\":\"2020-07-07T13:40:31+00:00\",\"dateModified\":\"2020-07-10T13:45:22+00:00\",\"mainEntityOfPage\":{\"@id\":\"https:\\\/\\\/iballester.edu.ar\\\/los-chicos-y-el-yoga\\\/\"},\"wordCount\":177,\"publisher\":{\"@id\":\"https:\\\/\\\/www.iballester.edu.ar\\\/de\\\/#organization\"},\"image\":{\"@id\":\"https:\\\/\\\/iballester.edu.ar\\\/los-chicos-y-el-yoga\\\/#primaryimage\"},\"thumbnailUrl\":\"https:\\\/\\\/iballester.edu.ar\\\/wp-content\\\/uploads\\\/2020\\\/07\\\/large_Yoga-para-Ninos.jpg\",\"keywords\":[\"yoga\"],\"articleSection\":[\"Generales\"],\"inLanguage\":\"de\"},{\"@type\":\"WebPage\",\"@id\":\"https:\\\/\\\/iballester.edu.ar\\\/los-chicos-y-el-yoga\\\/\",\"url\":\"https:\\\/\\\/iballester.edu.ar\\\/los-chicos-y-el-yoga\\\/\",\"name\":\"Los chicos y el yoga\",\"isPartOf\":{\"@id\":\"https:\\\/\\\/www.iballester.edu.ar\\\/de\\\/#website\"},\"primaryImageOfPage\":{\"@id\":\"https:\\\/\\\/iballester.edu.ar\\\/los-chicos-y-el-yoga\\\/#primaryimage\"},\"image\":{\"@id\":\"https:\\\/\\\/iballester.edu.ar\\\/los-chicos-y-el-yoga\\\/#primaryimage\"},\"thumbnailUrl\":\"https:\\\/\\\/iballester.edu.ar\\\/wp-content\\\/uploads\\\/2020\\\/07\\\/large_Yoga-para-Ninos.jpg\",\"datePublished\":\"2020-07-07T13:40:31+00:00\",\"dateModified\":\"2020-07-10T13:45:22+00:00\",\"breadcrumb\":{\"@id\":\"https:\\\/\\\/iballester.edu.ar\\\/los-chicos-y-el-yoga\\\/#breadcrumb\"},\"inLanguage\":\"de\",\"potentialAction\":[{\"@type\":\"ReadAction\",\"target\":[\"https:\\\/\\\/iballester.edu.ar\\\/los-chicos-y-el-yoga\\\/\"]}]},{\"@type\":\"ImageObject\",\"inLanguage\":\"de\",\"@id\":\"https:\\\/\\\/iballester.edu.ar\\\/los-chicos-y-el-yoga\\\/#primaryimage\",\"url\":\"https:\\\/\\\/iballester.edu.ar\\\/wp-content\\\/uploads\\\/2020\\\/07\\\/large_Yoga-para-Ninos.jpg\",\"contentUrl\":\"https:\\\/\\\/iballester.edu.ar\\\/wp-content\\\/uploads\\\/2020\\\/07\\\/large_Yoga-para-Ninos.jpg\",\"width\":860,\"height\":592},{\"@type\":\"BreadcrumbList\",\"@id\":\"https:\\\/\\\/iballester.edu.ar\\\/los-chicos-y-el-yoga\\\/#breadcrumb\",\"itemListElement\":[{\"@type\":\"ListItem\",\"position\":1,\"name\":\"Portada\",\"item\":\"https:\\\/\\\/iballester.edu.ar\\\/de\\\/\"},{\"@type\":\"ListItem\",\"position\":2,\"name\":\"Los chicos y el yoga\"}]},{\"@type\":\"WebSite\",\"@id\":\"https:\\\/\\\/www.iballester.edu.ar\\\/de\\\/#website\",\"url\":\"https:\\\/\\\/www.iballester.edu.ar\\\/de\\\/\",\"name\":\"Instituto Ballester Deutsche Schule\",\"description\":\"\",\"publisher\":{\"@id\":\"https:\\\/\\\/www.iballester.edu.ar\\\/de\\\/#organization\"},\"alternateName\":\"IBallester\",\"potentialAction\":[{\"@type\":\"SearchAction\",\"target\":{\"@type\":\"EntryPoint\",\"urlTemplate\":\"https:\\\/\\\/www.iballester.edu.ar\\\/de\\\/?s={search_term_string}\"},\"query-input\":{\"@type\":\"PropertyValueSpecification\",\"valueRequired\":true,\"valueName\":\"search_term_string\"}}],\"inLanguage\":\"de\"},{\"@type\":\"Organization\",\"@id\":\"https:\\\/\\\/www.iballester.edu.ar\\\/de\\\/#organization\",\"name\":\"Instituto Ballester Deutsche Schule\",\"alternateName\":\"IBallester\",\"url\":\"https:\\\/\\\/www.iballester.edu.ar\\\/de\\\/\",\"logo\":{\"@type\":\"ImageObject\",\"inLanguage\":\"de\",\"@id\":\"https:\\\/\\\/www.iballester.edu.ar\\\/de\\\/#\\\/schema\\\/logo\\\/image\\\/\",\"url\":\"https:\\\/\\\/iballester.edu.ar\\\/wp-content\\\/uploads\\\/2023\\\/07\\\/IBallester-logo-meta.jpg\",\"contentUrl\":\"https:\\\/\\\/iballester.edu.ar\\\/wp-content\\\/uploads\\\/2023\\\/07\\\/IBallester-logo-meta.jpg\",\"width\":1920,\"height\":1080,\"caption\":\"Instituto Ballester Deutsche Schule\"},\"image\":{\"@id\":\"https:\\\/\\\/www.iballester.edu.ar\\\/de\\\/#\\\/schema\\\/logo\\\/image\\\/\"},\"sameAs\":[\"https:\\\/\\\/www.facebook.com\\\/iballesterDS\",\"https:\\\/\\\/www.instagram.com\\\/iballesteroficial\\\/\",\"https:\\\/\\\/www.youtube.com\\\/@IBallesterDS\",\"https:\\\/\\\/www.linkedin.com\\\/in\\\/instituto-ballester-deutsche-schule-310b89128\\\/\"]},{\"@type\":\"Person\",\"@id\":\"https:\\\/\\\/www.iballester.edu.ar\\\/de\\\/#\\\/schema\\\/person\\\/11d2b393acc7e159aa66c01abcbd2022\",\"name\":\"Christian\",\"image\":{\"@type\":\"ImageObject\",\"inLanguage\":\"de\",\"@id\":\"https:\\\/\\\/secure.gravatar.com\\\/avatar\\\/dd30bd59edf92ce4a04782e3a8acff1c4d4764bac83b2bd2a3792ab809d068e7?s=96&d=mm&r=g\",\"url\":\"https:\\\/\\\/secure.gravatar.com\\\/avatar\\\/dd30bd59edf92ce4a04782e3a8acff1c4d4764bac83b2bd2a3792ab809d068e7?s=96&d=mm&r=g\",\"contentUrl\":\"https:\\\/\\\/secure.gravatar.com\\\/avatar\\\/dd30bd59edf92ce4a04782e3a8acff1c4d4764bac83b2bd2a3792ab809d068e7?s=96&d=mm&r=g\",\"caption\":\"Christian\"}}]}<\/script>\n<!-- \/ Yoast SEO plugin. -->","yoast_head_json":{"title":"Los chicos y el yoga","robots":{"index":"index","follow":"follow","max-snippet":"max-snippet:-1","max-image-preview":"max-image-preview:large","max-video-preview":"max-video-preview:-1"},"canonical":"https:\/\/iballester.edu.ar\/los-chicos-y-el-yoga\/","og_locale":"de_DE","og_type":"article","og_title":"Los chicos y el yoga","og_description":"Querida comunidad, en esta cuarentena en la que transitamos por [...]","og_url":"https:\/\/iballester.edu.ar\/los-chicos-y-el-yoga\/","og_site_name":"Instituto Ballester","article_publisher":"https:\/\/www.facebook.com\/iballesterDS","article_published_time":"2020-07-07T13:40:31+00:00","article_modified_time":"2020-07-10T13:45:22+00:00","og_image":[{"width":860,"height":592,"url":"https:\/\/iballester.edu.ar\/wp-content\/uploads\/2020\/07\/large_Yoga-para-Ninos.jpg","type":"image\/jpeg"}],"author":"Christian","twitter_card":"summary_large_image","twitter_misc":{"Verfasst von":"Christian","Gesch\u00e4tzte Lesezeit":"1\u00a0Minute"},"schema":{"@context":"https:\/\/schema.org","@graph":[{"@type":"Article","@id":"https:\/\/iballester.edu.ar\/los-chicos-y-el-yoga\/#article","isPartOf":{"@id":"https:\/\/iballester.edu.ar\/los-chicos-y-el-yoga\/"},"author":{"name":"Christian","@id":"https:\/\/www.iballester.edu.ar\/de\/#\/schema\/person\/11d2b393acc7e159aa66c01abcbd2022"},"headline":"Los chicos y el yoga","datePublished":"2020-07-07T13:40:31+00:00","dateModified":"2020-07-10T13:45:22+00:00","mainEntityOfPage":{"@id":"https:\/\/iballester.edu.ar\/los-chicos-y-el-yoga\/"},"wordCount":177,"publisher":{"@id":"https:\/\/www.iballester.edu.ar\/de\/#organization"},"image":{"@id":"https:\/\/iballester.edu.ar\/los-chicos-y-el-yoga\/#primaryimage"},"thumbnailUrl":"https:\/\/iballester.edu.ar\/wp-content\/uploads\/2020\/07\/large_Yoga-para-Ninos.jpg","keywords":["yoga"],"articleSection":["Generales"],"inLanguage":"de"},{"@type":"WebPage","@id":"https:\/\/iballester.edu.ar\/los-chicos-y-el-yoga\/","url":"https:\/\/iballester.edu.ar\/los-chicos-y-el-yoga\/","name":"Los chicos y el yoga","isPartOf":{"@id":"https:\/\/www.iballester.edu.ar\/de\/#website"},"primaryImageOfPage":{"@id":"https:\/\/iballester.edu.ar\/los-chicos-y-el-yoga\/#primaryimage"},"image":{"@id":"https:\/\/iballester.edu.ar\/los-chicos-y-el-yoga\/#primaryimage"},"thumbnailUrl":"https:\/\/iballester.edu.ar\/wp-content\/uploads\/2020\/07\/large_Yoga-para-Ninos.jpg","datePublished":"2020-07-07T13:40:31+00:00","dateModified":"2020-07-10T13:45:22+00:00","breadcrumb":{"@id":"https:\/\/iballester.edu.ar\/los-chicos-y-el-yoga\/#breadcrumb"},"inLanguage":"de","potentialAction":[{"@type":"ReadAction","target":["https:\/\/iballester.edu.ar\/los-chicos-y-el-yoga\/"]}]},{"@type":"ImageObject","inLanguage":"de","@id":"https:\/\/iballester.edu.ar\/los-chicos-y-el-yoga\/#primaryimage","url":"https:\/\/iballester.edu.ar\/wp-content\/uploads\/2020\/07\/large_Yoga-para-Ninos.jpg","contentUrl":"https:\/\/iballester.edu.ar\/wp-content\/uploads\/2020\/07\/large_Yoga-para-Ninos.jpg","width":860,"height":592},{"@type":"BreadcrumbList","@id":"https:\/\/iballester.edu.ar\/los-chicos-y-el-yoga\/#breadcrumb","itemListElement":[{"@type":"ListItem","position":1,"name":"Portada","item":"https:\/\/iballester.edu.ar\/de\/"},{"@type":"ListItem","position":2,"name":"Los chicos y el yoga"}]},{"@type":"WebSite","@id":"https:\/\/www.iballester.edu.ar\/de\/#website","url":"https:\/\/www.iballester.edu.ar\/de\/","name":"Instituto Ballester Deutsche Schule","description":"","publisher":{"@id":"https:\/\/www.iballester.edu.ar\/de\/#organization"},"alternateName":"IBallester","potentialAction":[{"@type":"SearchAction","target":{"@type":"EntryPoint","urlTemplate":"https:\/\/www.iballester.edu.ar\/de\/?s={search_term_string}"},"query-input":{"@type":"PropertyValueSpecification","valueRequired":true,"valueName":"search_term_string"}}],"inLanguage":"de"},{"@type":"Organization","@id":"https:\/\/www.iballester.edu.ar\/de\/#organization","name":"Instituto Ballester Deutsche Schule","alternateName":"IBallester","url":"https:\/\/www.iballester.edu.ar\/de\/","logo":{"@type":"ImageObject","inLanguage":"de","@id":"https:\/\/www.iballester.edu.ar\/de\/#\/schema\/logo\/image\/","url":"https:\/\/iballester.edu.ar\/wp-content\/uploads\/2023\/07\/IBallester-logo-meta.jpg","contentUrl":"https:\/\/iballester.edu.ar\/wp-content\/uploads\/2023\/07\/IBallester-logo-meta.jpg","width":1920,"height":1080,"caption":"Instituto Ballester Deutsche Schule"},"image":{"@id":"https:\/\/www.iballester.edu.ar\/de\/#\/schema\/logo\/image\/"},"sameAs":["https:\/\/www.facebook.com\/iballesterDS","https:\/\/www.instagram.com\/iballesteroficial\/","https:\/\/www.youtube.com\/@IBallesterDS","https:\/\/www.linkedin.com\/in\/instituto-ballester-deutsche-schule-310b89128\/"]},{"@type":"Person","@id":"https:\/\/www.iballester.edu.ar\/de\/#\/schema\/person\/11d2b393acc7e159aa66c01abcbd2022","name":"Christian","image":{"@type":"ImageObject","inLanguage":"de","@id":"https:\/\/secure.gravatar.com\/avatar\/dd30bd59edf92ce4a04782e3a8acff1c4d4764bac83b2bd2a3792ab809d068e7?s=96&d=mm&r=g","url":"https:\/\/secure.gravatar.com\/avatar\/dd30bd59edf92ce4a04782e3a8acff1c4d4764bac83b2bd2a3792ab809d068e7?s=96&d=mm&r=g","contentUrl":"https:\/\/secure.gravatar.com\/avatar\/dd30bd59edf92ce4a04782e3a8acff1c4d4764bac83b2bd2a3792ab809d068e7?s=96&d=mm&r=g","caption":"Christian"}}]}},"_links":{"self":[{"href":"https:\/\/iballester.edu.ar\/de\/wp-json\/wp\/v2\/posts\/4351","targetHints":{"allow":["GET"]}}],"collection":[{"href":"https:\/\/iballester.edu.ar\/de\/wp-json\/wp\/v2\/posts"}],"about":[{"href":"https:\/\/iballester.edu.ar\/de\/wp-json\/wp\/v2\/types\/post"}],"author":[{"embeddable":true,"href":"https:\/\/iballester.edu.ar\/de\/wp-json\/wp\/v2\/users\/2"}],"replies":[{"embeddable":true,"href":"https:\/\/iballester.edu.ar\/de\/wp-json\/wp\/v2\/comments?post=4351"}],"version-history":[{"count":0,"href":"https:\/\/iballester.edu.ar\/de\/wp-json\/wp\/v2\/posts\/4351\/revisions"}],"wp:featuredmedia":[{"embeddable":true,"href":"https:\/\/iballester.edu.ar\/de\/wp-json\/wp\/v2\/media\/4354"}],"wp:attachment":[{"href":"https:\/\/iballester.edu.ar\/de\/wp-json\/wp\/v2\/media?parent=4351"}],"wp:term":[{"taxonomy":"category","embeddable":true,"href":"https:\/\/iballester.edu.ar\/de\/wp-json\/wp\/v2\/categories?post=4351"},{"taxonomy":"post_tag","embeddable":true,"href":"https:\/\/iballester.edu.ar\/de\/wp-json\/wp\/v2\/tags?post=4351"}],"curies":[{"name":"wp","href":"https:\/\/api.w.org\/{rel}","templated":true}]}}