{"id":1200,"date":"2018-04-27T12:25:07","date_gmt":"2018-04-27T15:25:07","guid":{"rendered":"http:\/\/working.com.ar\/iballester\/?p=1200"},"modified":"2018-05-18T12:40:10","modified_gmt":"2018-05-18T15:40:10","slug":"ubergabe-der-deutschen-sprachdiplome-mit-deutschem-pop-und-argentinischem-rock-entrega-de-diplomas","status":"publish","type":"post","link":"https:\/\/iballester.edu.ar\/de\/ubergabe-der-deutschen-sprachdiplome-mit-deutschem-pop-und-argentinischem-rock-entrega-de-diplomas\/","title":{"rendered":"\u00dcbergabe der Deutschen Sprachdiplome mit deutschem Pop und argentinischem Rock &#8211; ENTREGA DE DIPLOMAS"},"content":{"rendered":"<p><strong><em>Am Instituto Ballester wurden die Deutschen Sprachdiplome I und II im Rahmen einer Feierstunde \u00fcbergeben. Die deutsche Botschaft \u00fcbergibt Sonderpreise an herausragende Sch\u00fclerinnen und Sch\u00fcler.<\/em><\/strong><\/p>\n<p>Neben den Tr\u00e4gern des Sprachdiploms und deren stolzen Eltern, waren der zweite Sekret\u00e4r der Botschaft der Bundesrepublik Deutschland in Argentinien, Herr Christian Kr\u00fcger, zahlreiche Vertreter des Schulvorstandes und der Generalschulleiter mit weiteren Abteilungsleitern zur Verleihung der Deutschen Sprachdiplome anwesend.<\/p>\n<p>H\u00f6hepunkt und Anlass der Feier waren nat\u00fcrlich die \u00dcbergabe der Sprachdiplome. Dabei erhielten f\u00fcr die besten Gesamtergebnisse\u00a0<strong>Marina Propato Lots<\/strong>\u00a0(DSD I) und\u00a0<strong>Rocio Soria Marquez<\/strong>\u00a0(DSDII) je einen Buchpreis durch die Botschaft.\u00a0 Ebenfalls einen Sonderpreis der Botschaft erhielten jeweils\u00a0<strong>Mercedes Peragallo Boxler<\/strong>\u00a0f\u00fcr ihre m\u00fcndliche Pr\u00e4sentation im DSD I mit dem Thema \u201eRenaissance\u201c,\u00a0<strong>Manuel Ramos<\/strong>\u00a0f\u00fcr seine m\u00fcndliche Pr\u00e4sentation im DSD I mit dem Thema \u201eDeutschland zur Zeit des Kalten Krieges\u201c sowie\u00a0<strong>Manuel Matles\u00a0<\/strong>f\u00fcr seine m\u00fcndliche Pr\u00e4sentation im DSD II mit dem Thema \u201eAutonome Fahrzeuge\u201c.<\/p>\n<p>Insgesamt erhielten in diesem Jahr 49 Sch\u00fclerinnen und Sch\u00fcler das Deutsche Sprachdiplom der Stufe I und 52 Sch\u00fclerinnen und Sch\u00fcler das Deutsche Sprachdiplom der Stufe II.<\/p>\n<p>Die Feierstunde begann mit einer musikalischen Einf\u00fchrung durch die 4 Gib A, die unter der Leitung von Kathrin Endrikat den deutschen Popsong \u201eLieblingsmensch\u201c von Namika in einer Chor-Version pr\u00e4sentierte. F\u00fcr den Vorsitzenden des Schulvereins des IB, Herrn Daniel Kumert, war es der letzte offizielle Auftritt in seiner Funktion. Ihm dankte Sascha W\u00f6llert, Leiter der Deutschen Abteilung, f\u00fcr seinen unerm\u00fcdlichen Einsatz f\u00fcr die deutsche Sprache und Kultur am IB. Daniel Kumert forderte die Sch\u00fclerinnen und Sch\u00fcler auf, die Sprachdiplome nicht als Ziel ihres Lernens, sondern als Beginn f\u00fcr weiteres Lernen zu sehen. Die Sprache m\u00fcsse immer wieder gelernt und gepflegt werden. In seiner Rede wies Herr Lohrbach, Generalschulleiter des Instituto Ballester auf die internationale Bedeutung der deutschen Sprache hin. Deutsch sei nicht nur die am h\u00e4ufigsten gesprochene Muttersprache in Europa, sie geh\u00f6re nach Englisch auch zu den bedeutendsten Wissenschaftssprachen. Damit k\u00f6nne das Deutsche Sprachdiplom T\u00fcr\u00f6ffner f\u00fcr viele Karrieren sein. Auf diesen Aspekt ging auch Herr Christian Kr\u00fcger ein, der darauf hinwies, dass es in Deutschland anders als in vielen anderen L\u00e4ndern exzellente Studienbedingungen in der Regel ohne Studiengeb\u00fchren gebe. Herr Kr\u00fcger unterstrich die Bedeutung der deutschen Auslandsschulen f\u00fcr die deutsche Kulturpolitik, verzichtete aber dankenswerter Weise auf den augenzwinkernd angek\u00fcndigten neunzigmin\u00fctigen Grundsatzvortrag.<\/p>\n<p>Den Abend schloss ein wahres Feuerwerk an argentinischer Rockmusik, dargeboten von der neu entdeckten Band,\u00a0<em>Trajes Roto<\/em>\u00a0(unsere Sch\u00fclerinnen und Sch\u00fcler Mateo Gonzalo L\u00f3pez, Juan Villegas, M\u00e1ximo Albarello, Carla Marino und Salvador Garc\u00eda Rat\u00f3), die in ihrem ersten \u00f6ffentlichen Auftritt den Saal im wahrsten Sinne des Wortes \u201egerockt\u201c haben.<\/p>\n<p>&nbsp;<\/p>\n<hr \/>\n<p>&nbsp;<\/p>\n<p>El pasado <strong>viernes 20\/04<\/strong>, se realiz\u00f3 la entrega de diplomas a los alumnos de 4to. y 6to. a\u00f1o de Secundaria que aprobaron en 2017 los ex\u00e1menes de alem\u00e1n Sprachdiplom Nivel I y Sprachdiplom Nivel II. La ceremonia se llev\u00f3 adelante por primera vez en nuestro colegio, y fue un \u00e9xito. El comienzo del evento fue musical con la participaci\u00f3n de los alumnos y alumnas de 4to. GIB A que bajo la direcci\u00f3n de Kathrin Endrikat y de Ulrich Lohrbach interpretaron la canci\u00f3n \u201cLieblingsmensch\u201d del grupo pop alem\u00e1n Namika. Acto seguido, el representante de la Embajada de la Rep\u00fablica Federal de Alemania en la Argentina, Sr. Christian Kr\u00fcger fue el encargado de entregar los premios a los alumnos que se destacaron por sus mejores promedios generales en los ex\u00e1menes, as\u00ed como a quienes se destacaron por sus presentaciones orales. Los ganadores fueron Marina Propato Lots, mejor promedio general Sprachdiplom I y\u00a0Mercedes Peragallo Boxler\u00a0y Manuel Ramos por sus presentaciones orales. Luego de recibir todos los alumnos de 4to. a\u00f1o sus respectivos diplomas, les toc\u00f3 el turno de recibir sus premios a los alumnos de 6to. a\u00f1o. En este caso, el premio para el mejor promedio general del Sprachdiplom II se lo llev\u00f3\u00a0Roc\u00edo Soria M\u00e1rquez, y el premio a la\u00a0mejor\u00a0presentaci\u00f3n\u00a0oral\u00a0lo recibi\u00f3, Manuel Matles.\u00a0Finalmente, recibieron sus diplomas el resto de los alumnos de 6to. a\u00f1o.\u00a0Cerramos la noche a puro rock con la presentaci\u00f3n del\u00a0grupo &#8222;Trajes rotos&#8220; compuesto por alumnos de 6to. y 4to. a\u00f1o de Secundaria, quienes nos contagiaron su adrenalina. Sin dudas, fue un evento diferente y que se instalar\u00e1 como un cl\u00e1sico en nuestra comunidad.<\/p>\n","protected":false},"excerpt":{"rendered":"<p>Am Instituto Ballester wurden die Deutschen Sprachdiplome I und II  [&#8230;]<\/p>\n","protected":false},"author":2,"featured_media":1205,"comment_status":"closed","ping_status":"closed","sticky":false,"template":"","format":"gallery","meta":{"_joinchat":[],"footnotes":""},"categories":[1],"tags":[54,52,53],"class_list":["post-1200","post","type-post","status-publish","format-gallery","has-post-thumbnail","hentry","category-generales","tag-rockpop","tag-sprachdiplom-i","tag-sprachdiplom-ii","post_format-post-format-gallery"],"yoast_head":"<!-- This site is optimized with the Yoast SEO plugin v27.4 - https:\/\/yoast.com\/product\/yoast-seo-wordpress\/ -->\n<title>\u00dcbergabe der Deutschen Sprachdiplome mit deutschem Pop und argentinischem Rock - ENTREGA DE DIPLOMAS<\/title>\n<meta name=\"robots\" content=\"index, follow, max-snippet:-1, max-image-preview:large, max-video-preview:-1\" \/>\n<link rel=\"canonical\" href=\"https:\/\/iballester.edu.ar\/ubergabe-der-deutschen-sprachdiplome-mit-deutschem-pop-und-argentinischem-rock-entrega-de-diplomas\/\" \/>\n<meta property=\"og:locale\" content=\"de_DE\" \/>\n<meta property=\"og:type\" content=\"article\" \/>\n<meta property=\"og:title\" content=\"\u00dcbergabe der Deutschen Sprachdiplome mit deutschem Pop und argentinischem Rock - ENTREGA DE DIPLOMAS\" \/>\n<meta property=\"og:description\" content=\"Am Instituto Ballester wurden die Deutschen Sprachdiplome I und II [...]\" \/>\n<meta property=\"og:url\" content=\"https:\/\/iballester.edu.ar\/ubergabe-der-deutschen-sprachdiplome-mit-deutschem-pop-und-argentinischem-rock-entrega-de-diplomas\/\" \/>\n<meta property=\"og:site_name\" content=\"Instituto Ballester\" \/>\n<meta property=\"article:publisher\" content=\"https:\/\/www.facebook.com\/iballesterDS\" \/>\n<meta property=\"article:published_time\" content=\"2018-04-27T15:25:07+00:00\" \/>\n<meta property=\"article:modified_time\" content=\"2018-05-18T15:40:10+00:00\" \/>\n<meta property=\"og:image\" content=\"https:\/\/iballester.edu.ar\/wp-content\/uploads\/2018\/05\/IBallester-sprachdiplom-rock01.jpg\" \/>\n\t<meta property=\"og:image:width\" content=\"1024\" \/>\n\t<meta property=\"og:image:height\" content=\"768\" \/>\n\t<meta property=\"og:image:type\" content=\"image\/jpeg\" \/>\n<meta name=\"author\" content=\"Christian\" \/>\n<meta name=\"twitter:card\" content=\"summary_large_image\" \/>\n<meta name=\"twitter:label1\" content=\"Verfasst von\" \/>\n\t<meta name=\"twitter:data1\" content=\"Christian\" \/>\n\t<meta name=\"twitter:label2\" content=\"Gesch\u00e4tzte Lesezeit\" \/>\n\t<meta name=\"twitter:data2\" content=\"4\u00a0Minuten\" \/>\n<script type=\"application\/ld+json\" class=\"yoast-schema-graph\">{\"@context\":\"https:\\\/\\\/schema.org\",\"@graph\":[{\"@type\":\"Article\",\"@id\":\"https:\\\/\\\/iballester.edu.ar\\\/ubergabe-der-deutschen-sprachdiplome-mit-deutschem-pop-und-argentinischem-rock-entrega-de-diplomas\\\/#article\",\"isPartOf\":{\"@id\":\"https:\\\/\\\/iballester.edu.ar\\\/ubergabe-der-deutschen-sprachdiplome-mit-deutschem-pop-und-argentinischem-rock-entrega-de-diplomas\\\/\"},\"author\":{\"name\":\"Christian\",\"@id\":\"https:\\\/\\\/www.iballester.edu.ar\\\/de\\\/#\\\/schema\\\/person\\\/11d2b393acc7e159aa66c01abcbd2022\"},\"headline\":\"\u00dcbergabe der Deutschen Sprachdiplome mit deutschem Pop und argentinischem Rock &#8211; ENTREGA DE DIPLOMAS\",\"datePublished\":\"2018-04-27T15:25:07+00:00\",\"dateModified\":\"2018-05-18T15:40:10+00:00\",\"mainEntityOfPage\":{\"@id\":\"https:\\\/\\\/iballester.edu.ar\\\/ubergabe-der-deutschen-sprachdiplome-mit-deutschem-pop-und-argentinischem-rock-entrega-de-diplomas\\\/\"},\"wordCount\":779,\"publisher\":{\"@id\":\"https:\\\/\\\/www.iballester.edu.ar\\\/de\\\/#organization\"},\"image\":{\"@id\":\"https:\\\/\\\/iballester.edu.ar\\\/ubergabe-der-deutschen-sprachdiplome-mit-deutschem-pop-und-argentinischem-rock-entrega-de-diplomas\\\/#primaryimage\"},\"thumbnailUrl\":\"https:\\\/\\\/iballester.edu.ar\\\/wp-content\\\/uploads\\\/2018\\\/05\\\/IBallester-sprachdiplom-rock01.jpg\",\"keywords\":[\"Rock&amp;Pop\",\"Sprachdiplom I\",\"Sprachdiplom II\"],\"articleSection\":[\"Generales\"],\"inLanguage\":\"de\"},{\"@type\":\"WebPage\",\"@id\":\"https:\\\/\\\/iballester.edu.ar\\\/ubergabe-der-deutschen-sprachdiplome-mit-deutschem-pop-und-argentinischem-rock-entrega-de-diplomas\\\/\",\"url\":\"https:\\\/\\\/iballester.edu.ar\\\/ubergabe-der-deutschen-sprachdiplome-mit-deutschem-pop-und-argentinischem-rock-entrega-de-diplomas\\\/\",\"name\":\"\u00dcbergabe der Deutschen Sprachdiplome mit deutschem Pop und argentinischem Rock - ENTREGA DE DIPLOMAS\",\"isPartOf\":{\"@id\":\"https:\\\/\\\/www.iballester.edu.ar\\\/de\\\/#website\"},\"primaryImageOfPage\":{\"@id\":\"https:\\\/\\\/iballester.edu.ar\\\/ubergabe-der-deutschen-sprachdiplome-mit-deutschem-pop-und-argentinischem-rock-entrega-de-diplomas\\\/#primaryimage\"},\"image\":{\"@id\":\"https:\\\/\\\/iballester.edu.ar\\\/ubergabe-der-deutschen-sprachdiplome-mit-deutschem-pop-und-argentinischem-rock-entrega-de-diplomas\\\/#primaryimage\"},\"thumbnailUrl\":\"https:\\\/\\\/iballester.edu.ar\\\/wp-content\\\/uploads\\\/2018\\\/05\\\/IBallester-sprachdiplom-rock01.jpg\",\"datePublished\":\"2018-04-27T15:25:07+00:00\",\"dateModified\":\"2018-05-18T15:40:10+00:00\",\"breadcrumb\":{\"@id\":\"https:\\\/\\\/iballester.edu.ar\\\/ubergabe-der-deutschen-sprachdiplome-mit-deutschem-pop-und-argentinischem-rock-entrega-de-diplomas\\\/#breadcrumb\"},\"inLanguage\":\"de\",\"potentialAction\":[{\"@type\":\"ReadAction\",\"target\":[\"https:\\\/\\\/iballester.edu.ar\\\/ubergabe-der-deutschen-sprachdiplome-mit-deutschem-pop-und-argentinischem-rock-entrega-de-diplomas\\\/\"]}]},{\"@type\":\"ImageObject\",\"inLanguage\":\"de\",\"@id\":\"https:\\\/\\\/iballester.edu.ar\\\/ubergabe-der-deutschen-sprachdiplome-mit-deutschem-pop-und-argentinischem-rock-entrega-de-diplomas\\\/#primaryimage\",\"url\":\"https:\\\/\\\/iballester.edu.ar\\\/wp-content\\\/uploads\\\/2018\\\/05\\\/IBallester-sprachdiplom-rock01.jpg\",\"contentUrl\":\"https:\\\/\\\/iballester.edu.ar\\\/wp-content\\\/uploads\\\/2018\\\/05\\\/IBallester-sprachdiplom-rock01.jpg\",\"width\":\"1024\",\"height\":\"768\"},{\"@type\":\"BreadcrumbList\",\"@id\":\"https:\\\/\\\/iballester.edu.ar\\\/ubergabe-der-deutschen-sprachdiplome-mit-deutschem-pop-und-argentinischem-rock-entrega-de-diplomas\\\/#breadcrumb\",\"itemListElement\":[{\"@type\":\"ListItem\",\"position\":1,\"name\":\"Portada\",\"item\":\"https:\\\/\\\/iballester.edu.ar\\\/de\\\/\"},{\"@type\":\"ListItem\",\"position\":2,\"name\":\"\u00dcbergabe der Deutschen Sprachdiplome mit deutschem Pop und argentinischem Rock &#8211; ENTREGA DE DIPLOMAS\"}]},{\"@type\":\"WebSite\",\"@id\":\"https:\\\/\\\/www.iballester.edu.ar\\\/de\\\/#website\",\"url\":\"https:\\\/\\\/www.iballester.edu.ar\\\/de\\\/\",\"name\":\"Instituto Ballester Deutsche Schule\",\"description\":\"\",\"publisher\":{\"@id\":\"https:\\\/\\\/www.iballester.edu.ar\\\/de\\\/#organization\"},\"alternateName\":\"IBallester\",\"potentialAction\":[{\"@type\":\"SearchAction\",\"target\":{\"@type\":\"EntryPoint\",\"urlTemplate\":\"https:\\\/\\\/www.iballester.edu.ar\\\/de\\\/?s={search_term_string}\"},\"query-input\":{\"@type\":\"PropertyValueSpecification\",\"valueRequired\":true,\"valueName\":\"search_term_string\"}}],\"inLanguage\":\"de\"},{\"@type\":\"Organization\",\"@id\":\"https:\\\/\\\/www.iballester.edu.ar\\\/de\\\/#organization\",\"name\":\"Instituto Ballester Deutsche Schule\",\"alternateName\":\"IBallester\",\"url\":\"https:\\\/\\\/www.iballester.edu.ar\\\/de\\\/\",\"logo\":{\"@type\":\"ImageObject\",\"inLanguage\":\"de\",\"@id\":\"https:\\\/\\\/www.iballester.edu.ar\\\/de\\\/#\\\/schema\\\/logo\\\/image\\\/\",\"url\":\"https:\\\/\\\/iballester.edu.ar\\\/wp-content\\\/uploads\\\/2023\\\/07\\\/IBallester-logo-meta.jpg\",\"contentUrl\":\"https:\\\/\\\/iballester.edu.ar\\\/wp-content\\\/uploads\\\/2023\\\/07\\\/IBallester-logo-meta.jpg\",\"width\":1920,\"height\":1080,\"caption\":\"Instituto Ballester Deutsche Schule\"},\"image\":{\"@id\":\"https:\\\/\\\/www.iballester.edu.ar\\\/de\\\/#\\\/schema\\\/logo\\\/image\\\/\"},\"sameAs\":[\"https:\\\/\\\/www.facebook.com\\\/iballesterDS\",\"https:\\\/\\\/www.instagram.com\\\/iballesteroficial\\\/\",\"https:\\\/\\\/www.youtube.com\\\/@IBallesterDS\",\"https:\\\/\\\/www.linkedin.com\\\/in\\\/instituto-ballester-deutsche-schule-310b89128\\\/\"]},{\"@type\":\"Person\",\"@id\":\"https:\\\/\\\/www.iballester.edu.ar\\\/de\\\/#\\\/schema\\\/person\\\/11d2b393acc7e159aa66c01abcbd2022\",\"name\":\"Christian\",\"image\":{\"@type\":\"ImageObject\",\"inLanguage\":\"de\",\"@id\":\"https:\\\/\\\/secure.gravatar.com\\\/avatar\\\/dd30bd59edf92ce4a04782e3a8acff1c4d4764bac83b2bd2a3792ab809d068e7?s=96&d=mm&r=g\",\"url\":\"https:\\\/\\\/secure.gravatar.com\\\/avatar\\\/dd30bd59edf92ce4a04782e3a8acff1c4d4764bac83b2bd2a3792ab809d068e7?s=96&d=mm&r=g\",\"contentUrl\":\"https:\\\/\\\/secure.gravatar.com\\\/avatar\\\/dd30bd59edf92ce4a04782e3a8acff1c4d4764bac83b2bd2a3792ab809d068e7?s=96&d=mm&r=g\",\"caption\":\"Christian\"}}]}<\/script>\n<!-- \/ Yoast SEO plugin. -->","yoast_head_json":{"title":"\u00dcbergabe der Deutschen Sprachdiplome mit deutschem Pop und argentinischem Rock - ENTREGA DE DIPLOMAS","robots":{"index":"index","follow":"follow","max-snippet":"max-snippet:-1","max-image-preview":"max-image-preview:large","max-video-preview":"max-video-preview:-1"},"canonical":"https:\/\/iballester.edu.ar\/ubergabe-der-deutschen-sprachdiplome-mit-deutschem-pop-und-argentinischem-rock-entrega-de-diplomas\/","og_locale":"de_DE","og_type":"article","og_title":"\u00dcbergabe der Deutschen Sprachdiplome mit deutschem Pop und argentinischem Rock - ENTREGA DE DIPLOMAS","og_description":"Am Instituto Ballester wurden die Deutschen Sprachdiplome I und II [...]","og_url":"https:\/\/iballester.edu.ar\/ubergabe-der-deutschen-sprachdiplome-mit-deutschem-pop-und-argentinischem-rock-entrega-de-diplomas\/","og_site_name":"Instituto Ballester","article_publisher":"https:\/\/www.facebook.com\/iballesterDS","article_published_time":"2018-04-27T15:25:07+00:00","article_modified_time":"2018-05-18T15:40:10+00:00","og_image":[{"width":1024,"height":768,"url":"https:\/\/iballester.edu.ar\/wp-content\/uploads\/2018\/05\/IBallester-sprachdiplom-rock01.jpg","type":"image\/jpeg"}],"author":"Christian","twitter_card":"summary_large_image","twitter_misc":{"Verfasst von":"Christian","Gesch\u00e4tzte Lesezeit":"4\u00a0Minuten"},"schema":{"@context":"https:\/\/schema.org","@graph":[{"@type":"Article","@id":"https:\/\/iballester.edu.ar\/ubergabe-der-deutschen-sprachdiplome-mit-deutschem-pop-und-argentinischem-rock-entrega-de-diplomas\/#article","isPartOf":{"@id":"https:\/\/iballester.edu.ar\/ubergabe-der-deutschen-sprachdiplome-mit-deutschem-pop-und-argentinischem-rock-entrega-de-diplomas\/"},"author":{"name":"Christian","@id":"https:\/\/www.iballester.edu.ar\/de\/#\/schema\/person\/11d2b393acc7e159aa66c01abcbd2022"},"headline":"\u00dcbergabe der Deutschen Sprachdiplome mit deutschem Pop und argentinischem Rock &#8211; ENTREGA DE DIPLOMAS","datePublished":"2018-04-27T15:25:07+00:00","dateModified":"2018-05-18T15:40:10+00:00","mainEntityOfPage":{"@id":"https:\/\/iballester.edu.ar\/ubergabe-der-deutschen-sprachdiplome-mit-deutschem-pop-und-argentinischem-rock-entrega-de-diplomas\/"},"wordCount":779,"publisher":{"@id":"https:\/\/www.iballester.edu.ar\/de\/#organization"},"image":{"@id":"https:\/\/iballester.edu.ar\/ubergabe-der-deutschen-sprachdiplome-mit-deutschem-pop-und-argentinischem-rock-entrega-de-diplomas\/#primaryimage"},"thumbnailUrl":"https:\/\/iballester.edu.ar\/wp-content\/uploads\/2018\/05\/IBallester-sprachdiplom-rock01.jpg","keywords":["Rock&amp;Pop","Sprachdiplom I","Sprachdiplom II"],"articleSection":["Generales"],"inLanguage":"de"},{"@type":"WebPage","@id":"https:\/\/iballester.edu.ar\/ubergabe-der-deutschen-sprachdiplome-mit-deutschem-pop-und-argentinischem-rock-entrega-de-diplomas\/","url":"https:\/\/iballester.edu.ar\/ubergabe-der-deutschen-sprachdiplome-mit-deutschem-pop-und-argentinischem-rock-entrega-de-diplomas\/","name":"\u00dcbergabe der Deutschen Sprachdiplome mit deutschem Pop und argentinischem Rock - ENTREGA DE DIPLOMAS","isPartOf":{"@id":"https:\/\/www.iballester.edu.ar\/de\/#website"},"primaryImageOfPage":{"@id":"https:\/\/iballester.edu.ar\/ubergabe-der-deutschen-sprachdiplome-mit-deutschem-pop-und-argentinischem-rock-entrega-de-diplomas\/#primaryimage"},"image":{"@id":"https:\/\/iballester.edu.ar\/ubergabe-der-deutschen-sprachdiplome-mit-deutschem-pop-und-argentinischem-rock-entrega-de-diplomas\/#primaryimage"},"thumbnailUrl":"https:\/\/iballester.edu.ar\/wp-content\/uploads\/2018\/05\/IBallester-sprachdiplom-rock01.jpg","datePublished":"2018-04-27T15:25:07+00:00","dateModified":"2018-05-18T15:40:10+00:00","breadcrumb":{"@id":"https:\/\/iballester.edu.ar\/ubergabe-der-deutschen-sprachdiplome-mit-deutschem-pop-und-argentinischem-rock-entrega-de-diplomas\/#breadcrumb"},"inLanguage":"de","potentialAction":[{"@type":"ReadAction","target":["https:\/\/iballester.edu.ar\/ubergabe-der-deutschen-sprachdiplome-mit-deutschem-pop-und-argentinischem-rock-entrega-de-diplomas\/"]}]},{"@type":"ImageObject","inLanguage":"de","@id":"https:\/\/iballester.edu.ar\/ubergabe-der-deutschen-sprachdiplome-mit-deutschem-pop-und-argentinischem-rock-entrega-de-diplomas\/#primaryimage","url":"https:\/\/iballester.edu.ar\/wp-content\/uploads\/2018\/05\/IBallester-sprachdiplom-rock01.jpg","contentUrl":"https:\/\/iballester.edu.ar\/wp-content\/uploads\/2018\/05\/IBallester-sprachdiplom-rock01.jpg","width":"1024","height":"768"},{"@type":"BreadcrumbList","@id":"https:\/\/iballester.edu.ar\/ubergabe-der-deutschen-sprachdiplome-mit-deutschem-pop-und-argentinischem-rock-entrega-de-diplomas\/#breadcrumb","itemListElement":[{"@type":"ListItem","position":1,"name":"Portada","item":"https:\/\/iballester.edu.ar\/de\/"},{"@type":"ListItem","position":2,"name":"\u00dcbergabe der Deutschen Sprachdiplome mit deutschem Pop und argentinischem Rock &#8211; ENTREGA DE DIPLOMAS"}]},{"@type":"WebSite","@id":"https:\/\/www.iballester.edu.ar\/de\/#website","url":"https:\/\/www.iballester.edu.ar\/de\/","name":"Instituto Ballester Deutsche Schule","description":"","publisher":{"@id":"https:\/\/www.iballester.edu.ar\/de\/#organization"},"alternateName":"IBallester","potentialAction":[{"@type":"SearchAction","target":{"@type":"EntryPoint","urlTemplate":"https:\/\/www.iballester.edu.ar\/de\/?s={search_term_string}"},"query-input":{"@type":"PropertyValueSpecification","valueRequired":true,"valueName":"search_term_string"}}],"inLanguage":"de"},{"@type":"Organization","@id":"https:\/\/www.iballester.edu.ar\/de\/#organization","name":"Instituto Ballester Deutsche Schule","alternateName":"IBallester","url":"https:\/\/www.iballester.edu.ar\/de\/","logo":{"@type":"ImageObject","inLanguage":"de","@id":"https:\/\/www.iballester.edu.ar\/de\/#\/schema\/logo\/image\/","url":"https:\/\/iballester.edu.ar\/wp-content\/uploads\/2023\/07\/IBallester-logo-meta.jpg","contentUrl":"https:\/\/iballester.edu.ar\/wp-content\/uploads\/2023\/07\/IBallester-logo-meta.jpg","width":1920,"height":1080,"caption":"Instituto Ballester Deutsche Schule"},"image":{"@id":"https:\/\/www.iballester.edu.ar\/de\/#\/schema\/logo\/image\/"},"sameAs":["https:\/\/www.facebook.com\/iballesterDS","https:\/\/www.instagram.com\/iballesteroficial\/","https:\/\/www.youtube.com\/@IBallesterDS","https:\/\/www.linkedin.com\/in\/instituto-ballester-deutsche-schule-310b89128\/"]},{"@type":"Person","@id":"https:\/\/www.iballester.edu.ar\/de\/#\/schema\/person\/11d2b393acc7e159aa66c01abcbd2022","name":"Christian","image":{"@type":"ImageObject","inLanguage":"de","@id":"https:\/\/secure.gravatar.com\/avatar\/dd30bd59edf92ce4a04782e3a8acff1c4d4764bac83b2bd2a3792ab809d068e7?s=96&d=mm&r=g","url":"https:\/\/secure.gravatar.com\/avatar\/dd30bd59edf92ce4a04782e3a8acff1c4d4764bac83b2bd2a3792ab809d068e7?s=96&d=mm&r=g","contentUrl":"https:\/\/secure.gravatar.com\/avatar\/dd30bd59edf92ce4a04782e3a8acff1c4d4764bac83b2bd2a3792ab809d068e7?s=96&d=mm&r=g","caption":"Christian"}}]}},"_links":{"self":[{"href":"https:\/\/iballester.edu.ar\/de\/wp-json\/wp\/v2\/posts\/1200","targetHints":{"allow":["GET"]}}],"collection":[{"href":"https:\/\/iballester.edu.ar\/de\/wp-json\/wp\/v2\/posts"}],"about":[{"href":"https:\/\/iballester.edu.ar\/de\/wp-json\/wp\/v2\/types\/post"}],"author":[{"embeddable":true,"href":"https:\/\/iballester.edu.ar\/de\/wp-json\/wp\/v2\/users\/2"}],"replies":[{"embeddable":true,"href":"https:\/\/iballester.edu.ar\/de\/wp-json\/wp\/v2\/comments?post=1200"}],"version-history":[{"count":0,"href":"https:\/\/iballester.edu.ar\/de\/wp-json\/wp\/v2\/posts\/1200\/revisions"}],"wp:featuredmedia":[{"embeddable":true,"href":"https:\/\/iballester.edu.ar\/de\/wp-json\/wp\/v2\/media\/1205"}],"wp:attachment":[{"href":"https:\/\/iballester.edu.ar\/de\/wp-json\/wp\/v2\/media?parent=1200"}],"wp:term":[{"taxonomy":"category","embeddable":true,"href":"https:\/\/iballester.edu.ar\/de\/wp-json\/wp\/v2\/categories?post=1200"},{"taxonomy":"post_tag","embeddable":true,"href":"https:\/\/iballester.edu.ar\/de\/wp-json\/wp\/v2\/tags?post=1200"}],"curies":[{"name":"wp","href":"https:\/\/api.w.org\/{rel}","templated":true}]}}