{"id":11931,"date":"2026-09-02T10:06:40","date_gmt":"2026-09-02T13:06:40","guid":{"rendered":"https:\/\/iballester.edu.ar\/?p=11931"},"modified":"2026-09-02T10:06:40","modified_gmt":"2026-09-02T13:06:40","slug":"alumnos-de-primaria-envian-munecas-quitapenas-a-venezuela","status":"publish","type":"post","link":"https:\/\/iballester.edu.ar\/de\/alumnos-de-primaria-envian-munecas-quitapenas-a-venezuela\/","title":{"rendered":"Alumnos de Primaria env\u00edan &#8222;Mu\u00f1ecas Quitapenas&#8220; a Venezuela"},"content":{"rendered":"<p>En los \u00faltimos tiempos, Venezuela ha atravesado momentos de profunda adversidad. A la compleja crisis social y econ\u00f3mica que impacta en el d\u00eda a d\u00eda de las familias, se le sum\u00f3 el reciente golpe de un fuerte terremoto, el 24 de junio, que dej\u00f3 a muchas comunidades en una situaci\u00f3n de gran vulnerabilidad y angustia. En contextos tan dif\u00edciles, la contenci\u00f3n emocional y el apoyo afectivo se vuelven tan urgentes como la ayuda material.<\/p>\n<h2>Proyecto solidario en el Instituto Ballester<\/h2>\n<p>En un mundo hiperconectado por la tecnolog\u00eda, pero a veces distanciado en lo humano, nuestros alumnos de Primaria nos han recordado una verdad fundamental: <strong>la empat\u00eda no conoce fronteras ni kil\u00f3metros<\/strong>. A trav\u00e9s de un proyecto que combin\u00f3 arte y solidaridad, las aulas se transformaron en verdaderos talleres de afecto. El objetivo era tan noble como emocionante: confeccionar artesanalmente cientos de <strong>&#8222;Mu\u00f1ecas Quitapenas&#8220;<\/strong> para enviarlas como un abrazo simb\u00f3lico a los ni\u00f1os del <strong>Colegio Alem\u00e1n de Caracas<\/strong>, en Venezuela.<\/p>\n<p>Estas figuras, inspiradas en una hermosa tradici\u00f3n tradicional, encierran una leyenda reconfortante: si les confi\u00e1s tus preocupaciones antes de dormir y las guard\u00e1s bajo la almohada, ellas se llevan las penas durante la noche.<\/p>\n<p>Guiados por sus docentes, los estudiantes compartieron retazos de telas, lanas e hilos para dar vida a estas guardianas del sue\u00f1o. Cada pieza demand\u00f3 dedicaci\u00f3n y paciencia, pero lo m\u00e1s valioso fue el espacio de reflexi\u00f3n que se gener\u00f3 sobre la importancia de escuchar y consolar al pr\u00f3jimo. As\u00ed, cada mu\u00f1equita se convirti\u00f3 en una pieza \u00fanica, cargada de intenciones puras y buenos deseos.<\/p>\n<p>Tras un largo viaje log\u00edstico lleno de expectativas, finalmente lleg\u00f3 la gran noticia: \u00a1el cargamento de amor arrib\u00f3 a su destino! Las autoridades y alumnos del Colegio Alem\u00e1n de Caracas recibieron las cajas con inmensa gratitud y alegr\u00eda, regal\u00e1ndonos sonrisas que conmovieron a toda nuestra comunidad.<\/p>\n<p>Este proyecto demuestra que <strong>la educaci\u00f3n va mucho m\u00e1s all\u00e1 de los libros de texto<\/strong>; se trata de formar ciudadanos del mundo conscientes, compasivos y solidarios. A pesar de los miles de kil\u00f3metros que separan a la Argentina de Venezuela, el lazo creado por nuestros estudiantes dej\u00f3 en claro que estamos mucho m\u00e1s cerca de lo que pensamos. Nos llena de orgullo ver c\u00f3mo la semilla de la empat\u00eda florece en ellos, logrando cruzar fronteras con sus propias manos para abrazar a otros ni\u00f1os.<\/p>\n<p style=\"text-align: right;\"><strong>Olga Battini<br \/>\n<\/strong><em>Directora de Primaria Vill<\/em><em>a Ad<\/em><em>e<\/em><em>lina<\/em><\/p>\n","protected":false},"excerpt":{"rendered":"<p>En los \u00faltimos tiempos, Venezuela ha atravesado momentos de profunda  [&#8230;]<\/p>\n","protected":false},"author":6,"featured_media":11940,"comment_status":"closed","ping_status":"closed","sticky":false,"template":"","format":"gallery","meta":{"_joinchat":[],"footnotes":""},"categories":[1],"tags":[405,439],"class_list":["post-11931","post","type-post","status-publish","format-gallery","has-post-thumbnail","hentry","category-generales","tag-proyecto-solidario","tag-venezuela","post_format-post-format-gallery"],"yoast_head":"<!-- This site is optimized with the Yoast SEO plugin v28.4 - https:\/\/yoast.com\/product\/yoast-seo-wordpress\/ -->\n<title>Alumnos de Primaria env\u00edan &quot;Mu\u00f1ecas Quitapenas&quot; a Venezuela<\/title>\n<meta name=\"robots\" content=\"index, follow, max-snippet:-1, max-image-preview:large, max-video-preview:-1\" \/>\n<link rel=\"canonical\" href=\"https:\/\/iballester.edu.ar\/alumnos-de-primaria-envian-munecas-quitapenas-a-venezuela\/\" \/>\n<meta property=\"og:locale\" content=\"de_DE\" \/>\n<meta property=\"og:type\" content=\"article\" \/>\n<meta property=\"og:title\" content=\"Alumnos de Primaria env\u00edan &quot;Mu\u00f1ecas Quitapenas&quot; a Venezuela\" \/>\n<meta property=\"og:description\" content=\"En los \u00faltimos tiempos, Venezuela ha atravesado momentos de profunda [...]\" \/>\n<meta property=\"og:url\" content=\"https:\/\/iballester.edu.ar\/alumnos-de-primaria-envian-munecas-quitapenas-a-venezuela\/\" \/>\n<meta property=\"og:site_name\" content=\"Instituto Ballester\" \/>\n<meta property=\"article:publisher\" content=\"https:\/\/www.facebook.com\/iballesterDS\" \/>\n<meta property=\"article:published_time\" content=\"2026-09-02T13:06:40+00:00\" \/>\n<meta property=\"og:image\" content=\"https:\/\/iballester.edu.ar\/wp-content\/uploads\/2026\/09\/Alumnos-Venezuela-Iballester-Munecas-Quitapenas-01.jpg\" \/>\n\t<meta property=\"og:image:width\" content=\"1920\" \/>\n\t<meta property=\"og:image:height\" content=\"1080\" \/>\n\t<meta property=\"og:image:type\" content=\"image\/jpeg\" \/>\n<meta name=\"author\" content=\"Luc\u00eda\" \/>\n<meta name=\"twitter:card\" content=\"summary_large_image\" \/>\n<meta name=\"twitter:label1\" content=\"Verfasst von\" \/>\n\t<meta name=\"twitter:data1\" content=\"Luc\u00eda\" \/>\n\t<meta name=\"twitter:label2\" content=\"Gesch\u00e4tzte Lesezeit\" \/>\n\t<meta name=\"twitter:data2\" content=\"2\u00a0Minuten\" \/>\n<script type=\"application\/ld+json\" class=\"yoast-schema-graph\">{\"@context\":\"https:\\\/\\\/schema.org\",\"@graph\":[{\"@type\":\"Article\",\"@id\":\"https:\\\/\\\/iballester.edu.ar\\\/alumnos-de-primaria-envian-munecas-quitapenas-a-venezuela\\\/#article\",\"isPartOf\":{\"@id\":\"https:\\\/\\\/iballester.edu.ar\\\/alumnos-de-primaria-envian-munecas-quitapenas-a-venezuela\\\/\"},\"author\":{\"name\":\"Luc\u00eda\",\"@id\":\"https:\\\/\\\/www.iballester.edu.ar\\\/de\\\/#\\\/schema\\\/person\\\/b7fb55e3d067044a7e3ea20e5feb82d2\"},\"headline\":\"Alumnos de Primaria env\u00edan &#8222;Mu\u00f1ecas Quitapenas&#8220; a Venezuela\",\"datePublished\":\"2026-09-02T13:06:40+00:00\",\"mainEntityOfPage\":{\"@id\":\"https:\\\/\\\/iballester.edu.ar\\\/alumnos-de-primaria-envian-munecas-quitapenas-a-venezuela\\\/\"},\"wordCount\":440,\"publisher\":{\"@id\":\"https:\\\/\\\/www.iballester.edu.ar\\\/de\\\/#organization\"},\"image\":{\"@id\":\"https:\\\/\\\/iballester.edu.ar\\\/alumnos-de-primaria-envian-munecas-quitapenas-a-venezuela\\\/#primaryimage\"},\"thumbnailUrl\":\"https:\\\/\\\/iballester.edu.ar\\\/wp-content\\\/uploads\\\/2026\\\/09\\\/Alumnos-Venezuela-Iballester-Munecas-Quitapenas-01.jpg\",\"keywords\":[\"proyecto solidario\",\"venezuela\"],\"articleSection\":[\"Generales\"],\"inLanguage\":\"de\"},{\"@type\":\"WebPage\",\"@id\":\"https:\\\/\\\/iballester.edu.ar\\\/alumnos-de-primaria-envian-munecas-quitapenas-a-venezuela\\\/\",\"url\":\"https:\\\/\\\/iballester.edu.ar\\\/alumnos-de-primaria-envian-munecas-quitapenas-a-venezuela\\\/\",\"name\":\"Alumnos de Primaria env\u00edan \\\"Mu\u00f1ecas Quitapenas\\\" a Venezuela\",\"isPartOf\":{\"@id\":\"https:\\\/\\\/www.iballester.edu.ar\\\/de\\\/#website\"},\"primaryImageOfPage\":{\"@id\":\"https:\\\/\\\/iballester.edu.ar\\\/alumnos-de-primaria-envian-munecas-quitapenas-a-venezuela\\\/#primaryimage\"},\"image\":{\"@id\":\"https:\\\/\\\/iballester.edu.ar\\\/alumnos-de-primaria-envian-munecas-quitapenas-a-venezuela\\\/#primaryimage\"},\"thumbnailUrl\":\"https:\\\/\\\/iballester.edu.ar\\\/wp-content\\\/uploads\\\/2026\\\/09\\\/Alumnos-Venezuela-Iballester-Munecas-Quitapenas-01.jpg\",\"datePublished\":\"2026-09-02T13:06:40+00:00\",\"breadcrumb\":{\"@id\":\"https:\\\/\\\/iballester.edu.ar\\\/alumnos-de-primaria-envian-munecas-quitapenas-a-venezuela\\\/#breadcrumb\"},\"inLanguage\":\"de\",\"potentialAction\":[{\"@type\":\"ReadAction\",\"target\":[\"https:\\\/\\\/iballester.edu.ar\\\/alumnos-de-primaria-envian-munecas-quitapenas-a-venezuela\\\/\"]}]},{\"@type\":\"ImageObject\",\"inLanguage\":\"de\",\"@id\":\"https:\\\/\\\/iballester.edu.ar\\\/alumnos-de-primaria-envian-munecas-quitapenas-a-venezuela\\\/#primaryimage\",\"url\":\"https:\\\/\\\/iballester.edu.ar\\\/wp-content\\\/uploads\\\/2026\\\/09\\\/Alumnos-Venezuela-Iballester-Munecas-Quitapenas-01.jpg\",\"contentUrl\":\"https:\\\/\\\/iballester.edu.ar\\\/wp-content\\\/uploads\\\/2026\\\/09\\\/Alumnos-Venezuela-Iballester-Munecas-Quitapenas-01.jpg\",\"width\":1920,\"height\":1080,\"caption\":\"Alumnos del colegio en Venezuela con los mu\u00f1ecos quitapenas.\"},{\"@type\":\"BreadcrumbList\",\"@id\":\"https:\\\/\\\/iballester.edu.ar\\\/alumnos-de-primaria-envian-munecas-quitapenas-a-venezuela\\\/#breadcrumb\",\"itemListElement\":[{\"@type\":\"ListItem\",\"position\":1,\"name\":\"Portada\",\"item\":\"https:\\\/\\\/iballester.edu.ar\\\/de\\\/\"},{\"@type\":\"ListItem\",\"position\":2,\"name\":\"Alumnos de Primaria env\u00edan \u00abMu\u00f1ecas Quitapenas\u00bb a Venezuela\"}]},{\"@type\":\"WebSite\",\"@id\":\"https:\\\/\\\/www.iballester.edu.ar\\\/de\\\/#website\",\"url\":\"https:\\\/\\\/www.iballester.edu.ar\\\/de\\\/\",\"name\":\"Instituto Ballester Deutsche Schule\",\"description\":\"\",\"publisher\":{\"@id\":\"https:\\\/\\\/www.iballester.edu.ar\\\/de\\\/#organization\"},\"alternateName\":\"IBallester\",\"potentialAction\":[{\"@type\":\"SearchAction\",\"target\":{\"@type\":\"EntryPoint\",\"urlTemplate\":\"https:\\\/\\\/www.iballester.edu.ar\\\/de\\\/?s={search_term_string}\"},\"query-input\":{\"@type\":\"PropertyValueSpecification\",\"valueRequired\":true,\"valueName\":\"search_term_string\"}}],\"inLanguage\":\"de\"},{\"@type\":\"Organization\",\"@id\":\"https:\\\/\\\/www.iballester.edu.ar\\\/de\\\/#organization\",\"name\":\"Instituto Ballester Deutsche Schule\",\"alternateName\":\"IBallester\",\"url\":\"https:\\\/\\\/www.iballester.edu.ar\\\/de\\\/\",\"logo\":{\"@type\":\"ImageObject\",\"inLanguage\":\"de\",\"@id\":\"https:\\\/\\\/www.iballester.edu.ar\\\/de\\\/#\\\/schema\\\/logo\\\/image\\\/\",\"url\":\"https:\\\/\\\/iballester.edu.ar\\\/wp-content\\\/uploads\\\/2023\\\/07\\\/IBallester-logo-meta.jpg\",\"contentUrl\":\"https:\\\/\\\/iballester.edu.ar\\\/wp-content\\\/uploads\\\/2023\\\/07\\\/IBallester-logo-meta.jpg\",\"width\":1920,\"height\":1080,\"caption\":\"Instituto Ballester Deutsche Schule\"},\"image\":{\"@id\":\"https:\\\/\\\/www.iballester.edu.ar\\\/de\\\/#\\\/schema\\\/logo\\\/image\\\/\"},\"sameAs\":[\"https:\\\/\\\/www.facebook.com\\\/iballesterDS\",\"https:\\\/\\\/www.instagram.com\\\/iballesteroficial\\\/\",\"https:\\\/\\\/www.youtube.com\\\/@IBallesterDS\",\"https:\\\/\\\/www.linkedin.com\\\/in\\\/instituto-ballester-deutsche-schule-310b89128\\\/\"]},{\"@type\":\"Person\",\"@id\":\"https:\\\/\\\/www.iballester.edu.ar\\\/de\\\/#\\\/schema\\\/person\\\/b7fb55e3d067044a7e3ea20e5feb82d2\",\"name\":\"Luc\u00eda\",\"image\":{\"@type\":\"ImageObject\",\"inLanguage\":\"de\",\"@id\":\"https:\\\/\\\/secure.gravatar.com\\\/avatar\\\/569bacc915f4c41633e88f5faad58e09ab4fccad4c1782f45b3a7c42d7fc3fce?s=96&d=mm&r=g\",\"url\":\"https:\\\/\\\/secure.gravatar.com\\\/avatar\\\/569bacc915f4c41633e88f5faad58e09ab4fccad4c1782f45b3a7c42d7fc3fce?s=96&d=mm&r=g\",\"contentUrl\":\"https:\\\/\\\/secure.gravatar.com\\\/avatar\\\/569bacc915f4c41633e88f5faad58e09ab4fccad4c1782f45b3a7c42d7fc3fce?s=96&d=mm&r=g\",\"caption\":\"Luc\u00eda\"}}]}<\/script>\n<!-- \/ Yoast SEO plugin. -->","yoast_head_json":{"title":"Alumnos de Primaria env\u00edan \"Mu\u00f1ecas Quitapenas\" a Venezuela","robots":{"index":"index","follow":"follow","max-snippet":"max-snippet:-1","max-image-preview":"max-image-preview:large","max-video-preview":"max-video-preview:-1"},"canonical":"https:\/\/iballester.edu.ar\/alumnos-de-primaria-envian-munecas-quitapenas-a-venezuela\/","og_locale":"de_DE","og_type":"article","og_title":"Alumnos de Primaria env\u00edan \"Mu\u00f1ecas Quitapenas\" a Venezuela","og_description":"En los \u00faltimos tiempos, Venezuela ha atravesado momentos de profunda [...]","og_url":"https:\/\/iballester.edu.ar\/alumnos-de-primaria-envian-munecas-quitapenas-a-venezuela\/","og_site_name":"Instituto Ballester","article_publisher":"https:\/\/www.facebook.com\/iballesterDS","article_published_time":"2026-09-02T13:06:40+00:00","og_image":[{"width":1920,"height":1080,"url":"https:\/\/iballester.edu.ar\/wp-content\/uploads\/2026\/09\/Alumnos-Venezuela-Iballester-Munecas-Quitapenas-01.jpg","type":"image\/jpeg"}],"author":"Luc\u00eda","twitter_card":"summary_large_image","twitter_misc":{"Verfasst von":"Luc\u00eda","Gesch\u00e4tzte Lesezeit":"2\u00a0Minuten"},"schema":{"@context":"https:\/\/schema.org","@graph":[{"@type":"Article","@id":"https:\/\/iballester.edu.ar\/alumnos-de-primaria-envian-munecas-quitapenas-a-venezuela\/#article","isPartOf":{"@id":"https:\/\/iballester.edu.ar\/alumnos-de-primaria-envian-munecas-quitapenas-a-venezuela\/"},"author":{"name":"Luc\u00eda","@id":"https:\/\/www.iballester.edu.ar\/de\/#\/schema\/person\/b7fb55e3d067044a7e3ea20e5feb82d2"},"headline":"Alumnos de Primaria env\u00edan &#8222;Mu\u00f1ecas Quitapenas&#8220; a Venezuela","datePublished":"2026-09-02T13:06:40+00:00","mainEntityOfPage":{"@id":"https:\/\/iballester.edu.ar\/alumnos-de-primaria-envian-munecas-quitapenas-a-venezuela\/"},"wordCount":440,"publisher":{"@id":"https:\/\/www.iballester.edu.ar\/de\/#organization"},"image":{"@id":"https:\/\/iballester.edu.ar\/alumnos-de-primaria-envian-munecas-quitapenas-a-venezuela\/#primaryimage"},"thumbnailUrl":"https:\/\/iballester.edu.ar\/wp-content\/uploads\/2026\/09\/Alumnos-Venezuela-Iballester-Munecas-Quitapenas-01.jpg","keywords":["proyecto solidario","venezuela"],"articleSection":["Generales"],"inLanguage":"de"},{"@type":"WebPage","@id":"https:\/\/iballester.edu.ar\/alumnos-de-primaria-envian-munecas-quitapenas-a-venezuela\/","url":"https:\/\/iballester.edu.ar\/alumnos-de-primaria-envian-munecas-quitapenas-a-venezuela\/","name":"Alumnos de Primaria env\u00edan \"Mu\u00f1ecas Quitapenas\" a Venezuela","isPartOf":{"@id":"https:\/\/www.iballester.edu.ar\/de\/#website"},"primaryImageOfPage":{"@id":"https:\/\/iballester.edu.ar\/alumnos-de-primaria-envian-munecas-quitapenas-a-venezuela\/#primaryimage"},"image":{"@id":"https:\/\/iballester.edu.ar\/alumnos-de-primaria-envian-munecas-quitapenas-a-venezuela\/#primaryimage"},"thumbnailUrl":"https:\/\/iballester.edu.ar\/wp-content\/uploads\/2026\/09\/Alumnos-Venezuela-Iballester-Munecas-Quitapenas-01.jpg","datePublished":"2026-09-02T13:06:40+00:00","breadcrumb":{"@id":"https:\/\/iballester.edu.ar\/alumnos-de-primaria-envian-munecas-quitapenas-a-venezuela\/#breadcrumb"},"inLanguage":"de","potentialAction":[{"@type":"ReadAction","target":["https:\/\/iballester.edu.ar\/alumnos-de-primaria-envian-munecas-quitapenas-a-venezuela\/"]}]},{"@type":"ImageObject","inLanguage":"de","@id":"https:\/\/iballester.edu.ar\/alumnos-de-primaria-envian-munecas-quitapenas-a-venezuela\/#primaryimage","url":"https:\/\/iballester.edu.ar\/wp-content\/uploads\/2026\/09\/Alumnos-Venezuela-Iballester-Munecas-Quitapenas-01.jpg","contentUrl":"https:\/\/iballester.edu.ar\/wp-content\/uploads\/2026\/09\/Alumnos-Venezuela-Iballester-Munecas-Quitapenas-01.jpg","width":1920,"height":1080,"caption":"Alumnos del colegio en Venezuela con los mu\u00f1ecos quitapenas."},{"@type":"BreadcrumbList","@id":"https:\/\/iballester.edu.ar\/alumnos-de-primaria-envian-munecas-quitapenas-a-venezuela\/#breadcrumb","itemListElement":[{"@type":"ListItem","position":1,"name":"Portada","item":"https:\/\/iballester.edu.ar\/de\/"},{"@type":"ListItem","position":2,"name":"Alumnos de Primaria env\u00edan \u00abMu\u00f1ecas Quitapenas\u00bb a Venezuela"}]},{"@type":"WebSite","@id":"https:\/\/www.iballester.edu.ar\/de\/#website","url":"https:\/\/www.iballester.edu.ar\/de\/","name":"Instituto Ballester Deutsche Schule","description":"","publisher":{"@id":"https:\/\/www.iballester.edu.ar\/de\/#organization"},"alternateName":"IBallester","potentialAction":[{"@type":"SearchAction","target":{"@type":"EntryPoint","urlTemplate":"https:\/\/www.iballester.edu.ar\/de\/?s={search_term_string}"},"query-input":{"@type":"PropertyValueSpecification","valueRequired":true,"valueName":"search_term_string"}}],"inLanguage":"de"},{"@type":"Organization","@id":"https:\/\/www.iballester.edu.ar\/de\/#organization","name":"Instituto Ballester Deutsche Schule","alternateName":"IBallester","url":"https:\/\/www.iballester.edu.ar\/de\/","logo":{"@type":"ImageObject","inLanguage":"de","@id":"https:\/\/www.iballester.edu.ar\/de\/#\/schema\/logo\/image\/","url":"https:\/\/iballester.edu.ar\/wp-content\/uploads\/2023\/07\/IBallester-logo-meta.jpg","contentUrl":"https:\/\/iballester.edu.ar\/wp-content\/uploads\/2023\/07\/IBallester-logo-meta.jpg","width":1920,"height":1080,"caption":"Instituto Ballester Deutsche Schule"},"image":{"@id":"https:\/\/www.iballester.edu.ar\/de\/#\/schema\/logo\/image\/"},"sameAs":["https:\/\/www.facebook.com\/iballesterDS","https:\/\/www.instagram.com\/iballesteroficial\/","https:\/\/www.youtube.com\/@IBallesterDS","https:\/\/www.linkedin.com\/in\/instituto-ballester-deutsche-schule-310b89128\/"]},{"@type":"Person","@id":"https:\/\/www.iballester.edu.ar\/de\/#\/schema\/person\/b7fb55e3d067044a7e3ea20e5feb82d2","name":"Luc\u00eda","image":{"@type":"ImageObject","inLanguage":"de","@id":"https:\/\/secure.gravatar.com\/avatar\/569bacc915f4c41633e88f5faad58e09ab4fccad4c1782f45b3a7c42d7fc3fce?s=96&d=mm&r=g","url":"https:\/\/secure.gravatar.com\/avatar\/569bacc915f4c41633e88f5faad58e09ab4fccad4c1782f45b3a7c42d7fc3fce?s=96&d=mm&r=g","contentUrl":"https:\/\/secure.gravatar.com\/avatar\/569bacc915f4c41633e88f5faad58e09ab4fccad4c1782f45b3a7c42d7fc3fce?s=96&d=mm&r=g","caption":"Luc\u00eda"}}]}},"_links":{"self":[{"href":"https:\/\/iballester.edu.ar\/de\/wp-json\/wp\/v2\/posts\/11931","targetHints":{"allow":["GET"]}}],"collection":[{"href":"https:\/\/iballester.edu.ar\/de\/wp-json\/wp\/v2\/posts"}],"about":[{"href":"https:\/\/iballester.edu.ar\/de\/wp-json\/wp\/v2\/types\/post"}],"author":[{"embeddable":true,"href":"https:\/\/iballester.edu.ar\/de\/wp-json\/wp\/v2\/users\/6"}],"replies":[{"embeddable":true,"href":"https:\/\/iballester.edu.ar\/de\/wp-json\/wp\/v2\/comments?post=11931"}],"version-history":[{"count":3,"href":"https:\/\/iballester.edu.ar\/de\/wp-json\/wp\/v2\/posts\/11931\/revisions"}],"predecessor-version":[{"id":11942,"href":"https:\/\/iballester.edu.ar\/de\/wp-json\/wp\/v2\/posts\/11931\/revisions\/11942"}],"wp:featuredmedia":[{"embeddable":true,"href":"https:\/\/iballester.edu.ar\/de\/wp-json\/wp\/v2\/media\/11940"}],"wp:attachment":[{"href":"https:\/\/iballester.edu.ar\/de\/wp-json\/wp\/v2\/media?parent=11931"}],"wp:term":[{"taxonomy":"category","embeddable":true,"href":"https:\/\/iballester.edu.ar\/de\/wp-json\/wp\/v2\/categories?post=11931"},{"taxonomy":"post_tag","embeddable":true,"href":"https:\/\/iballester.edu.ar\/de\/wp-json\/wp\/v2\/tags?post=11931"}],"curies":[{"name":"wp","href":"https:\/\/api.w.org\/{rel}","templated":true}]}}