{"id":11367,"date":"2026-03-11T11:14:15","date_gmt":"2026-03-11T14:14:15","guid":{"rendered":"https:\/\/iballester.edu.ar\/andrea-zwitkowits-neue-leiterin-der-grundschule-am-standort-villa-ballester\/"},"modified":"2026-03-11T11:14:15","modified_gmt":"2026-03-11T14:14:15","slug":"andrea-zwitkowits-neue-leiterin-der-grundschule-am-standort-villa-ballester","status":"publish","type":"post","link":"https:\/\/iballester.edu.ar\/de\/andrea-zwitkowits-neue-leiterin-der-grundschule-am-standort-villa-ballester\/","title":{"rendered":"Andrea Zwitkowits, neue Leiterin der Grundschule am Standort Villa Ballester"},"content":{"rendered":"<p>Wir stellen euch unsere neue Leiterin der <a href=\"https:\/\/iballester.edu.ar\/de\/grundschule\/\">Grundschule<\/a> am Standort Villa Ballester, Andrea Zwitkowits, vor.<\/p>\n<p>Andrea Zwitkowits schloss 1987 ihre Schulausbildung an unserer Schule ab und begann anschlie\u00dfend ihre Lehrerausbildung am Deutschen P\u00e4dagogischen Seminar, wo sie sich auf den Grundschulunterricht sowie auf Deutsch spezialisierte. Sp\u00e4ter setzte sie ihre Ausbildung am Goethe-Institut Buenos Aires fort und erwarb dort den Abschluss als Dolmetscherin f\u00fcr Spanisch und Deutsch. <\/p>\n<p>Au\u00dferdem erwarb sie einen <em>Magister Artium<\/em> an der Universit\u00e4t Koblenz-Landau (Deutschland). Schlie\u00dflich schloss sie ihr Studium als Deutschlehrerin am Instituto de Ense\u00f1anza Superior en Lenguas Vivas \u201eJuan Ram\u00f3n Fern\u00e1ndez\u201c ab. <\/p>\n<p>Im Jahr 1991 begann sie, an unserer Schule als Deutschlehrerin in der Grundschule und Sekundarstufe zu arbeiten. 2008 wurde sie zur Deutschkoordinatorin der Grundschule ernannt. In diesem Jahr hat sie mit gro\u00dfer Freude die Leitung unserer Grundschule am Standort Villa Ballester \u00fcbernommen.  <\/p>\n<h3>Herzlichen Gl\u00fcckwunsch, Andrea!<\/h3>\n","protected":false},"excerpt":{"rendered":"<p>Wir stellen euch unsere neue Leiterin der Grundschule am Standort  [&#8230;]<\/p>\n","protected":false},"author":6,"featured_media":11366,"comment_status":"closed","ping_status":"closed","sticky":false,"template":"","format":"standard","meta":{"_joinchat":[],"footnotes":""},"categories":[84],"tags":[318],"class_list":["post-11367","post","type-post","status-publish","format-standard","has-post-thumbnail","hentry","category-general","tag-grundschule-de"],"yoast_head":"<!-- This site is optimized with the Yoast SEO plugin v27.4 - https:\/\/yoast.com\/product\/yoast-seo-wordpress\/ -->\n<title>Andrea Zwitkowits, neue Leiterin der Grundschule am Standort Villa Ballester<\/title>\n<meta name=\"robots\" content=\"index, follow, max-snippet:-1, max-image-preview:large, max-video-preview:-1\" \/>\n<link rel=\"canonical\" href=\"https:\/\/iballester.edu.ar\/de\/andrea-zwitkowits-neue-leiterin-der-grundschule-am-standort-villa-ballester\/\" \/>\n<meta property=\"og:locale\" content=\"de_DE\" \/>\n<meta property=\"og:type\" content=\"article\" \/>\n<meta property=\"og:title\" content=\"Andrea Zwitkowits, neue Leiterin der Grundschule am Standort Villa Ballester\" \/>\n<meta property=\"og:description\" content=\"Wir stellen euch unsere neue Leiterin der Grundschule am Standort [...]\" \/>\n<meta property=\"og:url\" content=\"https:\/\/iballester.edu.ar\/de\/andrea-zwitkowits-neue-leiterin-der-grundschule-am-standort-villa-ballester\/\" \/>\n<meta property=\"og:site_name\" content=\"Instituto Ballester\" \/>\n<meta property=\"article:publisher\" content=\"https:\/\/www.facebook.com\/iballesterDS\" \/>\n<meta property=\"article:published_time\" content=\"2026-03-11T14:14:15+00:00\" \/>\n<meta property=\"og:image\" content=\"https:\/\/iballester.edu.ar\/wp-content\/uploads\/2026\/03\/AndreaZwitkowits_InstitutoBallester.jpg\" \/>\n\t<meta property=\"og:image:width\" content=\"1200\" \/>\n\t<meta property=\"og:image:height\" content=\"675\" \/>\n\t<meta property=\"og:image:type\" content=\"image\/jpeg\" \/>\n<meta name=\"author\" content=\"Caro Kramer\" \/>\n<meta name=\"twitter:card\" content=\"summary_large_image\" \/>\n<meta name=\"twitter:label1\" content=\"Verfasst von\" \/>\n\t<meta name=\"twitter:data1\" content=\"Caro Kramer\" \/>\n\t<meta name=\"twitter:label2\" content=\"Gesch\u00e4tzte Lesezeit\" \/>\n\t<meta name=\"twitter:data2\" content=\"1\u00a0Minute\" \/>\n<script type=\"application\/ld+json\" class=\"yoast-schema-graph\">{\"@context\":\"https:\\\/\\\/schema.org\",\"@graph\":[{\"@type\":\"Article\",\"@id\":\"https:\\\/\\\/iballester.edu.ar\\\/de\\\/andrea-zwitkowits-neue-leiterin-der-grundschule-am-standort-villa-ballester\\\/#article\",\"isPartOf\":{\"@id\":\"https:\\\/\\\/iballester.edu.ar\\\/de\\\/andrea-zwitkowits-neue-leiterin-der-grundschule-am-standort-villa-ballester\\\/\"},\"author\":{\"name\":\"Caro Kramer\",\"@id\":\"https:\\\/\\\/www.iballester.edu.ar\\\/de\\\/#\\\/schema\\\/person\\\/b7fb55e3d067044a7e3ea20e5feb82d2\"},\"headline\":\"Andrea Zwitkowits, neue Leiterin der Grundschule am Standort Villa Ballester\",\"datePublished\":\"2026-03-11T14:14:15+00:00\",\"mainEntityOfPage\":{\"@id\":\"https:\\\/\\\/iballester.edu.ar\\\/de\\\/andrea-zwitkowits-neue-leiterin-der-grundschule-am-standort-villa-ballester\\\/\"},\"wordCount\":159,\"publisher\":{\"@id\":\"https:\\\/\\\/www.iballester.edu.ar\\\/de\\\/#organization\"},\"image\":{\"@id\":\"https:\\\/\\\/iballester.edu.ar\\\/de\\\/andrea-zwitkowits-neue-leiterin-der-grundschule-am-standort-villa-ballester\\\/#primaryimage\"},\"thumbnailUrl\":\"https:\\\/\\\/iballester.edu.ar\\\/wp-content\\\/uploads\\\/2026\\\/03\\\/AndreaZwitkowits_InstitutoBallester.jpg\",\"keywords\":[\"Grundschule\"],\"articleSection\":[\"General\"],\"inLanguage\":\"de\"},{\"@type\":\"WebPage\",\"@id\":\"https:\\\/\\\/iballester.edu.ar\\\/de\\\/andrea-zwitkowits-neue-leiterin-der-grundschule-am-standort-villa-ballester\\\/\",\"url\":\"https:\\\/\\\/iballester.edu.ar\\\/de\\\/andrea-zwitkowits-neue-leiterin-der-grundschule-am-standort-villa-ballester\\\/\",\"name\":\"Andrea Zwitkowits, neue Leiterin der Grundschule am Standort Villa Ballester\",\"isPartOf\":{\"@id\":\"https:\\\/\\\/www.iballester.edu.ar\\\/de\\\/#website\"},\"primaryImageOfPage\":{\"@id\":\"https:\\\/\\\/iballester.edu.ar\\\/de\\\/andrea-zwitkowits-neue-leiterin-der-grundschule-am-standort-villa-ballester\\\/#primaryimage\"},\"image\":{\"@id\":\"https:\\\/\\\/iballester.edu.ar\\\/de\\\/andrea-zwitkowits-neue-leiterin-der-grundschule-am-standort-villa-ballester\\\/#primaryimage\"},\"thumbnailUrl\":\"https:\\\/\\\/iballester.edu.ar\\\/wp-content\\\/uploads\\\/2026\\\/03\\\/AndreaZwitkowits_InstitutoBallester.jpg\",\"datePublished\":\"2026-03-11T14:14:15+00:00\",\"breadcrumb\":{\"@id\":\"https:\\\/\\\/iballester.edu.ar\\\/de\\\/andrea-zwitkowits-neue-leiterin-der-grundschule-am-standort-villa-ballester\\\/#breadcrumb\"},\"inLanguage\":\"de\",\"potentialAction\":[{\"@type\":\"ReadAction\",\"target\":[\"https:\\\/\\\/iballester.edu.ar\\\/de\\\/andrea-zwitkowits-neue-leiterin-der-grundschule-am-standort-villa-ballester\\\/\"]}]},{\"@type\":\"ImageObject\",\"inLanguage\":\"de\",\"@id\":\"https:\\\/\\\/iballester.edu.ar\\\/de\\\/andrea-zwitkowits-neue-leiterin-der-grundschule-am-standort-villa-ballester\\\/#primaryimage\",\"url\":\"https:\\\/\\\/iballester.edu.ar\\\/wp-content\\\/uploads\\\/2026\\\/03\\\/AndreaZwitkowits_InstitutoBallester.jpg\",\"contentUrl\":\"https:\\\/\\\/iballester.edu.ar\\\/wp-content\\\/uploads\\\/2026\\\/03\\\/AndreaZwitkowits_InstitutoBallester.jpg\",\"width\":1200,\"height\":675},{\"@type\":\"BreadcrumbList\",\"@id\":\"https:\\\/\\\/iballester.edu.ar\\\/de\\\/andrea-zwitkowits-neue-leiterin-der-grundschule-am-standort-villa-ballester\\\/#breadcrumb\",\"itemListElement\":[{\"@type\":\"ListItem\",\"position\":1,\"name\":\"Portada\",\"item\":\"https:\\\/\\\/iballester.edu.ar\\\/de\\\/\"},{\"@type\":\"ListItem\",\"position\":2,\"name\":\"Andrea Zwitkowits, neue Leiterin der Grundschule am Standort Villa Ballester\"}]},{\"@type\":\"WebSite\",\"@id\":\"https:\\\/\\\/www.iballester.edu.ar\\\/de\\\/#website\",\"url\":\"https:\\\/\\\/www.iballester.edu.ar\\\/de\\\/\",\"name\":\"Instituto Ballester Deutsche Schule\",\"description\":\"\",\"publisher\":{\"@id\":\"https:\\\/\\\/www.iballester.edu.ar\\\/de\\\/#organization\"},\"alternateName\":\"IBallester\",\"potentialAction\":[{\"@type\":\"SearchAction\",\"target\":{\"@type\":\"EntryPoint\",\"urlTemplate\":\"https:\\\/\\\/www.iballester.edu.ar\\\/de\\\/?s={search_term_string}\"},\"query-input\":{\"@type\":\"PropertyValueSpecification\",\"valueRequired\":true,\"valueName\":\"search_term_string\"}}],\"inLanguage\":\"de\"},{\"@type\":\"Organization\",\"@id\":\"https:\\\/\\\/www.iballester.edu.ar\\\/de\\\/#organization\",\"name\":\"Instituto Ballester Deutsche Schule\",\"alternateName\":\"IBallester\",\"url\":\"https:\\\/\\\/www.iballester.edu.ar\\\/de\\\/\",\"logo\":{\"@type\":\"ImageObject\",\"inLanguage\":\"de\",\"@id\":\"https:\\\/\\\/www.iballester.edu.ar\\\/de\\\/#\\\/schema\\\/logo\\\/image\\\/\",\"url\":\"https:\\\/\\\/iballester.edu.ar\\\/wp-content\\\/uploads\\\/2023\\\/07\\\/IBallester-logo-meta.jpg\",\"contentUrl\":\"https:\\\/\\\/iballester.edu.ar\\\/wp-content\\\/uploads\\\/2023\\\/07\\\/IBallester-logo-meta.jpg\",\"width\":1920,\"height\":1080,\"caption\":\"Instituto Ballester Deutsche Schule\"},\"image\":{\"@id\":\"https:\\\/\\\/www.iballester.edu.ar\\\/de\\\/#\\\/schema\\\/logo\\\/image\\\/\"},\"sameAs\":[\"https:\\\/\\\/www.facebook.com\\\/iballesterDS\",\"https:\\\/\\\/www.instagram.com\\\/iballesteroficial\\\/\",\"https:\\\/\\\/www.youtube.com\\\/@IBallesterDS\",\"https:\\\/\\\/www.linkedin.com\\\/in\\\/instituto-ballester-deutsche-schule-310b89128\\\/\"]},{\"@type\":\"Person\",\"@id\":\"https:\\\/\\\/www.iballester.edu.ar\\\/de\\\/#\\\/schema\\\/person\\\/b7fb55e3d067044a7e3ea20e5feb82d2\",\"name\":\"Caro Kramer\",\"image\":{\"@type\":\"ImageObject\",\"inLanguage\":\"de\",\"@id\":\"https:\\\/\\\/secure.gravatar.com\\\/avatar\\\/569bacc915f4c41633e88f5faad58e09ab4fccad4c1782f45b3a7c42d7fc3fce?s=96&d=mm&r=g\",\"url\":\"https:\\\/\\\/secure.gravatar.com\\\/avatar\\\/569bacc915f4c41633e88f5faad58e09ab4fccad4c1782f45b3a7c42d7fc3fce?s=96&d=mm&r=g\",\"contentUrl\":\"https:\\\/\\\/secure.gravatar.com\\\/avatar\\\/569bacc915f4c41633e88f5faad58e09ab4fccad4c1782f45b3a7c42d7fc3fce?s=96&d=mm&r=g\",\"caption\":\"Caro Kramer\"}}]}<\/script>\n<!-- \/ Yoast SEO plugin. -->","yoast_head_json":{"title":"Andrea Zwitkowits, neue Leiterin der Grundschule am Standort Villa Ballester","robots":{"index":"index","follow":"follow","max-snippet":"max-snippet:-1","max-image-preview":"max-image-preview:large","max-video-preview":"max-video-preview:-1"},"canonical":"https:\/\/iballester.edu.ar\/de\/andrea-zwitkowits-neue-leiterin-der-grundschule-am-standort-villa-ballester\/","og_locale":"de_DE","og_type":"article","og_title":"Andrea Zwitkowits, neue Leiterin der Grundschule am Standort Villa Ballester","og_description":"Wir stellen euch unsere neue Leiterin der Grundschule am Standort [...]","og_url":"https:\/\/iballester.edu.ar\/de\/andrea-zwitkowits-neue-leiterin-der-grundschule-am-standort-villa-ballester\/","og_site_name":"Instituto Ballester","article_publisher":"https:\/\/www.facebook.com\/iballesterDS","article_published_time":"2026-03-11T14:14:15+00:00","og_image":[{"width":1200,"height":675,"url":"https:\/\/iballester.edu.ar\/wp-content\/uploads\/2026\/03\/AndreaZwitkowits_InstitutoBallester.jpg","type":"image\/jpeg"}],"author":"Caro Kramer","twitter_card":"summary_large_image","twitter_misc":{"Verfasst von":"Caro Kramer","Gesch\u00e4tzte Lesezeit":"1\u00a0Minute"},"schema":{"@context":"https:\/\/schema.org","@graph":[{"@type":"Article","@id":"https:\/\/iballester.edu.ar\/de\/andrea-zwitkowits-neue-leiterin-der-grundschule-am-standort-villa-ballester\/#article","isPartOf":{"@id":"https:\/\/iballester.edu.ar\/de\/andrea-zwitkowits-neue-leiterin-der-grundschule-am-standort-villa-ballester\/"},"author":{"name":"Caro Kramer","@id":"https:\/\/www.iballester.edu.ar\/de\/#\/schema\/person\/b7fb55e3d067044a7e3ea20e5feb82d2"},"headline":"Andrea Zwitkowits, neue Leiterin der Grundschule am Standort Villa Ballester","datePublished":"2026-03-11T14:14:15+00:00","mainEntityOfPage":{"@id":"https:\/\/iballester.edu.ar\/de\/andrea-zwitkowits-neue-leiterin-der-grundschule-am-standort-villa-ballester\/"},"wordCount":159,"publisher":{"@id":"https:\/\/www.iballester.edu.ar\/de\/#organization"},"image":{"@id":"https:\/\/iballester.edu.ar\/de\/andrea-zwitkowits-neue-leiterin-der-grundschule-am-standort-villa-ballester\/#primaryimage"},"thumbnailUrl":"https:\/\/iballester.edu.ar\/wp-content\/uploads\/2026\/03\/AndreaZwitkowits_InstitutoBallester.jpg","keywords":["Grundschule"],"articleSection":["General"],"inLanguage":"de"},{"@type":"WebPage","@id":"https:\/\/iballester.edu.ar\/de\/andrea-zwitkowits-neue-leiterin-der-grundschule-am-standort-villa-ballester\/","url":"https:\/\/iballester.edu.ar\/de\/andrea-zwitkowits-neue-leiterin-der-grundschule-am-standort-villa-ballester\/","name":"Andrea Zwitkowits, neue Leiterin der Grundschule am Standort Villa Ballester","isPartOf":{"@id":"https:\/\/www.iballester.edu.ar\/de\/#website"},"primaryImageOfPage":{"@id":"https:\/\/iballester.edu.ar\/de\/andrea-zwitkowits-neue-leiterin-der-grundschule-am-standort-villa-ballester\/#primaryimage"},"image":{"@id":"https:\/\/iballester.edu.ar\/de\/andrea-zwitkowits-neue-leiterin-der-grundschule-am-standort-villa-ballester\/#primaryimage"},"thumbnailUrl":"https:\/\/iballester.edu.ar\/wp-content\/uploads\/2026\/03\/AndreaZwitkowits_InstitutoBallester.jpg","datePublished":"2026-03-11T14:14:15+00:00","breadcrumb":{"@id":"https:\/\/iballester.edu.ar\/de\/andrea-zwitkowits-neue-leiterin-der-grundschule-am-standort-villa-ballester\/#breadcrumb"},"inLanguage":"de","potentialAction":[{"@type":"ReadAction","target":["https:\/\/iballester.edu.ar\/de\/andrea-zwitkowits-neue-leiterin-der-grundschule-am-standort-villa-ballester\/"]}]},{"@type":"ImageObject","inLanguage":"de","@id":"https:\/\/iballester.edu.ar\/de\/andrea-zwitkowits-neue-leiterin-der-grundschule-am-standort-villa-ballester\/#primaryimage","url":"https:\/\/iballester.edu.ar\/wp-content\/uploads\/2026\/03\/AndreaZwitkowits_InstitutoBallester.jpg","contentUrl":"https:\/\/iballester.edu.ar\/wp-content\/uploads\/2026\/03\/AndreaZwitkowits_InstitutoBallester.jpg","width":1200,"height":675},{"@type":"BreadcrumbList","@id":"https:\/\/iballester.edu.ar\/de\/andrea-zwitkowits-neue-leiterin-der-grundschule-am-standort-villa-ballester\/#breadcrumb","itemListElement":[{"@type":"ListItem","position":1,"name":"Portada","item":"https:\/\/iballester.edu.ar\/de\/"},{"@type":"ListItem","position":2,"name":"Andrea Zwitkowits, neue Leiterin der Grundschule am Standort Villa Ballester"}]},{"@type":"WebSite","@id":"https:\/\/www.iballester.edu.ar\/de\/#website","url":"https:\/\/www.iballester.edu.ar\/de\/","name":"Instituto Ballester Deutsche Schule","description":"","publisher":{"@id":"https:\/\/www.iballester.edu.ar\/de\/#organization"},"alternateName":"IBallester","potentialAction":[{"@type":"SearchAction","target":{"@type":"EntryPoint","urlTemplate":"https:\/\/www.iballester.edu.ar\/de\/?s={search_term_string}"},"query-input":{"@type":"PropertyValueSpecification","valueRequired":true,"valueName":"search_term_string"}}],"inLanguage":"de"},{"@type":"Organization","@id":"https:\/\/www.iballester.edu.ar\/de\/#organization","name":"Instituto Ballester Deutsche Schule","alternateName":"IBallester","url":"https:\/\/www.iballester.edu.ar\/de\/","logo":{"@type":"ImageObject","inLanguage":"de","@id":"https:\/\/www.iballester.edu.ar\/de\/#\/schema\/logo\/image\/","url":"https:\/\/iballester.edu.ar\/wp-content\/uploads\/2023\/07\/IBallester-logo-meta.jpg","contentUrl":"https:\/\/iballester.edu.ar\/wp-content\/uploads\/2023\/07\/IBallester-logo-meta.jpg","width":1920,"height":1080,"caption":"Instituto Ballester Deutsche Schule"},"image":{"@id":"https:\/\/www.iballester.edu.ar\/de\/#\/schema\/logo\/image\/"},"sameAs":["https:\/\/www.facebook.com\/iballesterDS","https:\/\/www.instagram.com\/iballesteroficial\/","https:\/\/www.youtube.com\/@IBallesterDS","https:\/\/www.linkedin.com\/in\/instituto-ballester-deutsche-schule-310b89128\/"]},{"@type":"Person","@id":"https:\/\/www.iballester.edu.ar\/de\/#\/schema\/person\/b7fb55e3d067044a7e3ea20e5feb82d2","name":"Caro Kramer","image":{"@type":"ImageObject","inLanguage":"de","@id":"https:\/\/secure.gravatar.com\/avatar\/569bacc915f4c41633e88f5faad58e09ab4fccad4c1782f45b3a7c42d7fc3fce?s=96&d=mm&r=g","url":"https:\/\/secure.gravatar.com\/avatar\/569bacc915f4c41633e88f5faad58e09ab4fccad4c1782f45b3a7c42d7fc3fce?s=96&d=mm&r=g","contentUrl":"https:\/\/secure.gravatar.com\/avatar\/569bacc915f4c41633e88f5faad58e09ab4fccad4c1782f45b3a7c42d7fc3fce?s=96&d=mm&r=g","caption":"Caro Kramer"}}]}},"_links":{"self":[{"href":"https:\/\/iballester.edu.ar\/de\/wp-json\/wp\/v2\/posts\/11367","targetHints":{"allow":["GET"]}}],"collection":[{"href":"https:\/\/iballester.edu.ar\/de\/wp-json\/wp\/v2\/posts"}],"about":[{"href":"https:\/\/iballester.edu.ar\/de\/wp-json\/wp\/v2\/types\/post"}],"author":[{"embeddable":true,"href":"https:\/\/iballester.edu.ar\/de\/wp-json\/wp\/v2\/users\/6"}],"replies":[{"embeddable":true,"href":"https:\/\/iballester.edu.ar\/de\/wp-json\/wp\/v2\/comments?post=11367"}],"version-history":[{"count":0,"href":"https:\/\/iballester.edu.ar\/de\/wp-json\/wp\/v2\/posts\/11367\/revisions"}],"wp:featuredmedia":[{"embeddable":true,"href":"https:\/\/iballester.edu.ar\/de\/wp-json\/wp\/v2\/media\/11366"}],"wp:attachment":[{"href":"https:\/\/iballester.edu.ar\/de\/wp-json\/wp\/v2\/media?parent=11367"}],"wp:term":[{"taxonomy":"category","embeddable":true,"href":"https:\/\/iballester.edu.ar\/de\/wp-json\/wp\/v2\/categories?post=11367"},{"taxonomy":"post_tag","embeddable":true,"href":"https:\/\/iballester.edu.ar\/de\/wp-json\/wp\/v2\/tags?post=11367"}],"curies":[{"name":"wp","href":"https:\/\/api.w.org\/{rel}","templated":true}]}}