{"id":11362,"date":"2026-03-04T09:45:46","date_gmt":"2026-03-04T12:45:46","guid":{"rendered":"https:\/\/iballester.edu.ar\/roberto-weyh-neuer-leiter-des-bbz\/"},"modified":"2026-03-04T09:45:46","modified_gmt":"2026-03-04T12:45:46","slug":"roberto-weyh-neuer-leiter-des-bbz","status":"publish","type":"post","link":"https:\/\/iballester.edu.ar\/de\/roberto-weyh-neuer-leiter-des-bbz\/","title":{"rendered":"Roberto Weyh, neuer Leiter des BBZ"},"content":{"rendered":"<p>Wir begr\u00fc\u00dfen Roberto Weyh, den neuen Leiter unseres <a href=\"https:\/\/iballester.edu.ar\/de\/berufliche-ausbildung\/\">Berufsbildungszentrums (BBZ)<\/a>.<\/p>\n<p>Roberto Weyh absolvierte 1985 seine Ausbildung an unserer Institution und setzte seine akademische Laufbahn in Deutschland fort. An der Universit\u00e4t Kassel studierte er Wirtschaftsp\u00e4dagogik und erwarb dort den Abschluss als Handelslehrer. Anschlie\u00dfend erg\u00e4nzte er seine Ausbildung durch ein Studium der spanischen Sprache und erhielt zudem die Lehrbef\u00e4higung f\u00fcr dieses Fach.  <\/p>\n<p>Seit 2002 unterrichtete Roberto Weyh die F\u00e4cher Wirtschaft und Informatik an den <a href=\"https:\/\/bs-bebra.de\/\" target=\"_blank\" rel=\"noopener\">Beruflichen Schulen Bebra<\/a> im Bundesland Hessen. Im Jahr 2018 wurde er zum Leiter der Abteilung Wirtschaft und Verwaltung ernannt. <\/p>\n<p>Roberto Weyh verf\u00fcgt \u00fcber umfangreiche Erfahrung in der Zusammenarbeit zwischen dem Bildungssystem und dem Wirtschaftssektor und arbeitet dabei eng mit Ausbildungsbetrieben im deutschen dualen System zusammen. Seit 2014 ist er Mitglied des Pr\u00fcfungsausschusses der Industrie- und Handelskammer (IHK) und wirkt an der beruflichen Pr\u00fcfung und Zertifizierung mit. <\/p>\n<p>Mit seiner umfangreichen Erfahrung im Bildungsmanagement, in der beruflichen Bildung und in der Zusammenarbeit mit der Wirtschaft \u00fcbernimmt Roberto Weyh die Leitung unseres BBZ mit dem Anspruch, die akademische Qualit\u00e4t, Innovation und die institutionelle Entwicklung weiter zu st\u00e4rken.<\/p>\n<h3>Herzlich willkommen!<\/h3>\n","protected":false},"excerpt":{"rendered":"<p>Wir begr\u00fc\u00dfen Roberto Weyh, den neuen Leiter unseres Berufsbildungszentrums (BBZ).  [&#8230;]<\/p>\n","protected":false},"author":6,"featured_media":11359,"comment_status":"closed","ping_status":"closed","sticky":false,"template":"","format":"standard","meta":{"_joinchat":[],"footnotes":""},"categories":[84],"tags":[251,419,418],"class_list":["post-11362","post","type-post","status-publish","format-standard","has-post-thumbnail","hentry","category-general","tag-bbz-de","tag-duales-system","tag-hochschulbildung"],"yoast_head":"<!-- This site is optimized with the Yoast SEO plugin v27.4 - https:\/\/yoast.com\/product\/yoast-seo-wordpress\/ -->\n<title>Roberto Weyh, neuer Leiter des BBZ<\/title>\n<meta name=\"description\" content=\"Le damos la bienvenida a Roberto Weyh, el nuevo director de nuestro BBZ (Centro de Capacitaci\u00f3n Profesional).\" \/>\n<meta name=\"robots\" content=\"index, follow, max-snippet:-1, max-image-preview:large, max-video-preview:-1\" \/>\n<link rel=\"canonical\" href=\"https:\/\/iballester.edu.ar\/de\/roberto-weyh-neuer-leiter-des-bbz\/\" \/>\n<meta property=\"og:locale\" content=\"de_DE\" \/>\n<meta property=\"og:type\" content=\"article\" \/>\n<meta property=\"og:title\" content=\"Roberto Weyh, neuer Leiter des BBZ\" \/>\n<meta property=\"og:description\" content=\"Le damos la bienvenida a Roberto Weyh, el nuevo director de nuestro BBZ (Centro de Capacitaci\u00f3n Profesional).\" \/>\n<meta property=\"og:url\" content=\"https:\/\/iballester.edu.ar\/de\/roberto-weyh-neuer-leiter-des-bbz\/\" \/>\n<meta property=\"og:site_name\" content=\"Instituto Ballester\" \/>\n<meta property=\"article:publisher\" content=\"https:\/\/www.facebook.com\/iballesterDS\" \/>\n<meta property=\"article:published_time\" content=\"2026-03-04T12:45:46+00:00\" \/>\n<meta property=\"og:image\" content=\"https:\/\/iballester.edu.ar\/wp-content\/uploads\/2026\/03\/RobertoWeyh_InstitutoBallester.jpg\" \/>\n\t<meta property=\"og:image:width\" content=\"1200\" \/>\n\t<meta property=\"og:image:height\" content=\"675\" \/>\n\t<meta property=\"og:image:type\" content=\"image\/jpeg\" \/>\n<meta name=\"author\" content=\"Caro Kramer\" \/>\n<meta name=\"twitter:card\" content=\"summary_large_image\" \/>\n<meta name=\"twitter:label1\" content=\"Verfasst von\" \/>\n\t<meta name=\"twitter:data1\" content=\"Caro Kramer\" \/>\n\t<meta name=\"twitter:label2\" content=\"Gesch\u00e4tzte Lesezeit\" \/>\n\t<meta name=\"twitter:data2\" content=\"1\u00a0Minute\" \/>\n<script type=\"application\/ld+json\" class=\"yoast-schema-graph\">{\"@context\":\"https:\\\/\\\/schema.org\",\"@graph\":[{\"@type\":\"Article\",\"@id\":\"https:\\\/\\\/iballester.edu.ar\\\/de\\\/roberto-weyh-neuer-leiter-des-bbz\\\/#article\",\"isPartOf\":{\"@id\":\"https:\\\/\\\/iballester.edu.ar\\\/de\\\/roberto-weyh-neuer-leiter-des-bbz\\\/\"},\"author\":{\"name\":\"Caro Kramer\",\"@id\":\"https:\\\/\\\/www.iballester.edu.ar\\\/de\\\/#\\\/schema\\\/person\\\/b7fb55e3d067044a7e3ea20e5feb82d2\"},\"headline\":\"Roberto Weyh, neuer Leiter des BBZ\",\"datePublished\":\"2026-03-04T12:45:46+00:00\",\"mainEntityOfPage\":{\"@id\":\"https:\\\/\\\/iballester.edu.ar\\\/de\\\/roberto-weyh-neuer-leiter-des-bbz\\\/\"},\"wordCount\":193,\"publisher\":{\"@id\":\"https:\\\/\\\/www.iballester.edu.ar\\\/de\\\/#organization\"},\"image\":{\"@id\":\"https:\\\/\\\/iballester.edu.ar\\\/de\\\/roberto-weyh-neuer-leiter-des-bbz\\\/#primaryimage\"},\"thumbnailUrl\":\"https:\\\/\\\/iballester.edu.ar\\\/wp-content\\\/uploads\\\/2026\\\/03\\\/RobertoWeyh_InstitutoBallester.jpg\",\"keywords\":[\"BBZ\",\"duales System\",\"Hochschulbildung\"],\"articleSection\":[\"General\"],\"inLanguage\":\"de\"},{\"@type\":\"WebPage\",\"@id\":\"https:\\\/\\\/iballester.edu.ar\\\/de\\\/roberto-weyh-neuer-leiter-des-bbz\\\/\",\"url\":\"https:\\\/\\\/iballester.edu.ar\\\/de\\\/roberto-weyh-neuer-leiter-des-bbz\\\/\",\"name\":\"Roberto Weyh, neuer Leiter des BBZ\",\"isPartOf\":{\"@id\":\"https:\\\/\\\/www.iballester.edu.ar\\\/de\\\/#website\"},\"primaryImageOfPage\":{\"@id\":\"https:\\\/\\\/iballester.edu.ar\\\/de\\\/roberto-weyh-neuer-leiter-des-bbz\\\/#primaryimage\"},\"image\":{\"@id\":\"https:\\\/\\\/iballester.edu.ar\\\/de\\\/roberto-weyh-neuer-leiter-des-bbz\\\/#primaryimage\"},\"thumbnailUrl\":\"https:\\\/\\\/iballester.edu.ar\\\/wp-content\\\/uploads\\\/2026\\\/03\\\/RobertoWeyh_InstitutoBallester.jpg\",\"datePublished\":\"2026-03-04T12:45:46+00:00\",\"description\":\"Le damos la bienvenida a Roberto Weyh, el nuevo director de nuestro BBZ (Centro de Capacitaci\u00f3n Profesional).\",\"breadcrumb\":{\"@id\":\"https:\\\/\\\/iballester.edu.ar\\\/de\\\/roberto-weyh-neuer-leiter-des-bbz\\\/#breadcrumb\"},\"inLanguage\":\"de\",\"potentialAction\":[{\"@type\":\"ReadAction\",\"target\":[\"https:\\\/\\\/iballester.edu.ar\\\/de\\\/roberto-weyh-neuer-leiter-des-bbz\\\/\"]}]},{\"@type\":\"ImageObject\",\"inLanguage\":\"de\",\"@id\":\"https:\\\/\\\/iballester.edu.ar\\\/de\\\/roberto-weyh-neuer-leiter-des-bbz\\\/#primaryimage\",\"url\":\"https:\\\/\\\/iballester.edu.ar\\\/wp-content\\\/uploads\\\/2026\\\/03\\\/RobertoWeyh_InstitutoBallester.jpg\",\"contentUrl\":\"https:\\\/\\\/iballester.edu.ar\\\/wp-content\\\/uploads\\\/2026\\\/03\\\/RobertoWeyh_InstitutoBallester.jpg\",\"width\":1200,\"height\":675},{\"@type\":\"BreadcrumbList\",\"@id\":\"https:\\\/\\\/iballester.edu.ar\\\/de\\\/roberto-weyh-neuer-leiter-des-bbz\\\/#breadcrumb\",\"itemListElement\":[{\"@type\":\"ListItem\",\"position\":1,\"name\":\"Portada\",\"item\":\"https:\\\/\\\/iballester.edu.ar\\\/de\\\/\"},{\"@type\":\"ListItem\",\"position\":2,\"name\":\"Roberto Weyh, neuer Leiter des BBZ\"}]},{\"@type\":\"WebSite\",\"@id\":\"https:\\\/\\\/www.iballester.edu.ar\\\/de\\\/#website\",\"url\":\"https:\\\/\\\/www.iballester.edu.ar\\\/de\\\/\",\"name\":\"Instituto Ballester Deutsche Schule\",\"description\":\"\",\"publisher\":{\"@id\":\"https:\\\/\\\/www.iballester.edu.ar\\\/de\\\/#organization\"},\"alternateName\":\"IBallester\",\"potentialAction\":[{\"@type\":\"SearchAction\",\"target\":{\"@type\":\"EntryPoint\",\"urlTemplate\":\"https:\\\/\\\/www.iballester.edu.ar\\\/de\\\/?s={search_term_string}\"},\"query-input\":{\"@type\":\"PropertyValueSpecification\",\"valueRequired\":true,\"valueName\":\"search_term_string\"}}],\"inLanguage\":\"de\"},{\"@type\":\"Organization\",\"@id\":\"https:\\\/\\\/www.iballester.edu.ar\\\/de\\\/#organization\",\"name\":\"Instituto Ballester Deutsche Schule\",\"alternateName\":\"IBallester\",\"url\":\"https:\\\/\\\/www.iballester.edu.ar\\\/de\\\/\",\"logo\":{\"@type\":\"ImageObject\",\"inLanguage\":\"de\",\"@id\":\"https:\\\/\\\/www.iballester.edu.ar\\\/de\\\/#\\\/schema\\\/logo\\\/image\\\/\",\"url\":\"https:\\\/\\\/iballester.edu.ar\\\/wp-content\\\/uploads\\\/2023\\\/07\\\/IBallester-logo-meta.jpg\",\"contentUrl\":\"https:\\\/\\\/iballester.edu.ar\\\/wp-content\\\/uploads\\\/2023\\\/07\\\/IBallester-logo-meta.jpg\",\"width\":1920,\"height\":1080,\"caption\":\"Instituto Ballester Deutsche Schule\"},\"image\":{\"@id\":\"https:\\\/\\\/www.iballester.edu.ar\\\/de\\\/#\\\/schema\\\/logo\\\/image\\\/\"},\"sameAs\":[\"https:\\\/\\\/www.facebook.com\\\/iballesterDS\",\"https:\\\/\\\/www.instagram.com\\\/iballesteroficial\\\/\",\"https:\\\/\\\/www.youtube.com\\\/@IBallesterDS\",\"https:\\\/\\\/www.linkedin.com\\\/in\\\/instituto-ballester-deutsche-schule-310b89128\\\/\"]},{\"@type\":\"Person\",\"@id\":\"https:\\\/\\\/www.iballester.edu.ar\\\/de\\\/#\\\/schema\\\/person\\\/b7fb55e3d067044a7e3ea20e5feb82d2\",\"name\":\"Caro Kramer\",\"image\":{\"@type\":\"ImageObject\",\"inLanguage\":\"de\",\"@id\":\"https:\\\/\\\/secure.gravatar.com\\\/avatar\\\/569bacc915f4c41633e88f5faad58e09ab4fccad4c1782f45b3a7c42d7fc3fce?s=96&d=mm&r=g\",\"url\":\"https:\\\/\\\/secure.gravatar.com\\\/avatar\\\/569bacc915f4c41633e88f5faad58e09ab4fccad4c1782f45b3a7c42d7fc3fce?s=96&d=mm&r=g\",\"contentUrl\":\"https:\\\/\\\/secure.gravatar.com\\\/avatar\\\/569bacc915f4c41633e88f5faad58e09ab4fccad4c1782f45b3a7c42d7fc3fce?s=96&d=mm&r=g\",\"caption\":\"Caro Kramer\"}}]}<\/script>\n<!-- \/ Yoast SEO plugin. -->","yoast_head_json":{"title":"Roberto Weyh, neuer Leiter des BBZ","description":"Le damos la bienvenida a Roberto Weyh, el nuevo director de nuestro BBZ (Centro de Capacitaci\u00f3n Profesional).","robots":{"index":"index","follow":"follow","max-snippet":"max-snippet:-1","max-image-preview":"max-image-preview:large","max-video-preview":"max-video-preview:-1"},"canonical":"https:\/\/iballester.edu.ar\/de\/roberto-weyh-neuer-leiter-des-bbz\/","og_locale":"de_DE","og_type":"article","og_title":"Roberto Weyh, neuer Leiter des BBZ","og_description":"Le damos la bienvenida a Roberto Weyh, el nuevo director de nuestro BBZ (Centro de Capacitaci\u00f3n Profesional).","og_url":"https:\/\/iballester.edu.ar\/de\/roberto-weyh-neuer-leiter-des-bbz\/","og_site_name":"Instituto Ballester","article_publisher":"https:\/\/www.facebook.com\/iballesterDS","article_published_time":"2026-03-04T12:45:46+00:00","og_image":[{"width":1200,"height":675,"url":"https:\/\/iballester.edu.ar\/wp-content\/uploads\/2026\/03\/RobertoWeyh_InstitutoBallester.jpg","type":"image\/jpeg"}],"author":"Caro Kramer","twitter_card":"summary_large_image","twitter_misc":{"Verfasst von":"Caro Kramer","Gesch\u00e4tzte Lesezeit":"1\u00a0Minute"},"schema":{"@context":"https:\/\/schema.org","@graph":[{"@type":"Article","@id":"https:\/\/iballester.edu.ar\/de\/roberto-weyh-neuer-leiter-des-bbz\/#article","isPartOf":{"@id":"https:\/\/iballester.edu.ar\/de\/roberto-weyh-neuer-leiter-des-bbz\/"},"author":{"name":"Caro Kramer","@id":"https:\/\/www.iballester.edu.ar\/de\/#\/schema\/person\/b7fb55e3d067044a7e3ea20e5feb82d2"},"headline":"Roberto Weyh, neuer Leiter des BBZ","datePublished":"2026-03-04T12:45:46+00:00","mainEntityOfPage":{"@id":"https:\/\/iballester.edu.ar\/de\/roberto-weyh-neuer-leiter-des-bbz\/"},"wordCount":193,"publisher":{"@id":"https:\/\/www.iballester.edu.ar\/de\/#organization"},"image":{"@id":"https:\/\/iballester.edu.ar\/de\/roberto-weyh-neuer-leiter-des-bbz\/#primaryimage"},"thumbnailUrl":"https:\/\/iballester.edu.ar\/wp-content\/uploads\/2026\/03\/RobertoWeyh_InstitutoBallester.jpg","keywords":["BBZ","duales System","Hochschulbildung"],"articleSection":["General"],"inLanguage":"de"},{"@type":"WebPage","@id":"https:\/\/iballester.edu.ar\/de\/roberto-weyh-neuer-leiter-des-bbz\/","url":"https:\/\/iballester.edu.ar\/de\/roberto-weyh-neuer-leiter-des-bbz\/","name":"Roberto Weyh, neuer Leiter des BBZ","isPartOf":{"@id":"https:\/\/www.iballester.edu.ar\/de\/#website"},"primaryImageOfPage":{"@id":"https:\/\/iballester.edu.ar\/de\/roberto-weyh-neuer-leiter-des-bbz\/#primaryimage"},"image":{"@id":"https:\/\/iballester.edu.ar\/de\/roberto-weyh-neuer-leiter-des-bbz\/#primaryimage"},"thumbnailUrl":"https:\/\/iballester.edu.ar\/wp-content\/uploads\/2026\/03\/RobertoWeyh_InstitutoBallester.jpg","datePublished":"2026-03-04T12:45:46+00:00","description":"Le damos la bienvenida a Roberto Weyh, el nuevo director de nuestro BBZ (Centro de Capacitaci\u00f3n Profesional).","breadcrumb":{"@id":"https:\/\/iballester.edu.ar\/de\/roberto-weyh-neuer-leiter-des-bbz\/#breadcrumb"},"inLanguage":"de","potentialAction":[{"@type":"ReadAction","target":["https:\/\/iballester.edu.ar\/de\/roberto-weyh-neuer-leiter-des-bbz\/"]}]},{"@type":"ImageObject","inLanguage":"de","@id":"https:\/\/iballester.edu.ar\/de\/roberto-weyh-neuer-leiter-des-bbz\/#primaryimage","url":"https:\/\/iballester.edu.ar\/wp-content\/uploads\/2026\/03\/RobertoWeyh_InstitutoBallester.jpg","contentUrl":"https:\/\/iballester.edu.ar\/wp-content\/uploads\/2026\/03\/RobertoWeyh_InstitutoBallester.jpg","width":1200,"height":675},{"@type":"BreadcrumbList","@id":"https:\/\/iballester.edu.ar\/de\/roberto-weyh-neuer-leiter-des-bbz\/#breadcrumb","itemListElement":[{"@type":"ListItem","position":1,"name":"Portada","item":"https:\/\/iballester.edu.ar\/de\/"},{"@type":"ListItem","position":2,"name":"Roberto Weyh, neuer Leiter des BBZ"}]},{"@type":"WebSite","@id":"https:\/\/www.iballester.edu.ar\/de\/#website","url":"https:\/\/www.iballester.edu.ar\/de\/","name":"Instituto Ballester Deutsche Schule","description":"","publisher":{"@id":"https:\/\/www.iballester.edu.ar\/de\/#organization"},"alternateName":"IBallester","potentialAction":[{"@type":"SearchAction","target":{"@type":"EntryPoint","urlTemplate":"https:\/\/www.iballester.edu.ar\/de\/?s={search_term_string}"},"query-input":{"@type":"PropertyValueSpecification","valueRequired":true,"valueName":"search_term_string"}}],"inLanguage":"de"},{"@type":"Organization","@id":"https:\/\/www.iballester.edu.ar\/de\/#organization","name":"Instituto Ballester Deutsche Schule","alternateName":"IBallester","url":"https:\/\/www.iballester.edu.ar\/de\/","logo":{"@type":"ImageObject","inLanguage":"de","@id":"https:\/\/www.iballester.edu.ar\/de\/#\/schema\/logo\/image\/","url":"https:\/\/iballester.edu.ar\/wp-content\/uploads\/2023\/07\/IBallester-logo-meta.jpg","contentUrl":"https:\/\/iballester.edu.ar\/wp-content\/uploads\/2023\/07\/IBallester-logo-meta.jpg","width":1920,"height":1080,"caption":"Instituto Ballester Deutsche Schule"},"image":{"@id":"https:\/\/www.iballester.edu.ar\/de\/#\/schema\/logo\/image\/"},"sameAs":["https:\/\/www.facebook.com\/iballesterDS","https:\/\/www.instagram.com\/iballesteroficial\/","https:\/\/www.youtube.com\/@IBallesterDS","https:\/\/www.linkedin.com\/in\/instituto-ballester-deutsche-schule-310b89128\/"]},{"@type":"Person","@id":"https:\/\/www.iballester.edu.ar\/de\/#\/schema\/person\/b7fb55e3d067044a7e3ea20e5feb82d2","name":"Caro Kramer","image":{"@type":"ImageObject","inLanguage":"de","@id":"https:\/\/secure.gravatar.com\/avatar\/569bacc915f4c41633e88f5faad58e09ab4fccad4c1782f45b3a7c42d7fc3fce?s=96&d=mm&r=g","url":"https:\/\/secure.gravatar.com\/avatar\/569bacc915f4c41633e88f5faad58e09ab4fccad4c1782f45b3a7c42d7fc3fce?s=96&d=mm&r=g","contentUrl":"https:\/\/secure.gravatar.com\/avatar\/569bacc915f4c41633e88f5faad58e09ab4fccad4c1782f45b3a7c42d7fc3fce?s=96&d=mm&r=g","caption":"Caro Kramer"}}]}},"_links":{"self":[{"href":"https:\/\/iballester.edu.ar\/de\/wp-json\/wp\/v2\/posts\/11362","targetHints":{"allow":["GET"]}}],"collection":[{"href":"https:\/\/iballester.edu.ar\/de\/wp-json\/wp\/v2\/posts"}],"about":[{"href":"https:\/\/iballester.edu.ar\/de\/wp-json\/wp\/v2\/types\/post"}],"author":[{"embeddable":true,"href":"https:\/\/iballester.edu.ar\/de\/wp-json\/wp\/v2\/users\/6"}],"replies":[{"embeddable":true,"href":"https:\/\/iballester.edu.ar\/de\/wp-json\/wp\/v2\/comments?post=11362"}],"version-history":[{"count":0,"href":"https:\/\/iballester.edu.ar\/de\/wp-json\/wp\/v2\/posts\/11362\/revisions"}],"wp:featuredmedia":[{"embeddable":true,"href":"https:\/\/iballester.edu.ar\/de\/wp-json\/wp\/v2\/media\/11359"}],"wp:attachment":[{"href":"https:\/\/iballester.edu.ar\/de\/wp-json\/wp\/v2\/media?parent=11362"}],"wp:term":[{"taxonomy":"category","embeddable":true,"href":"https:\/\/iballester.edu.ar\/de\/wp-json\/wp\/v2\/categories?post=11362"},{"taxonomy":"post_tag","embeddable":true,"href":"https:\/\/iballester.edu.ar\/de\/wp-json\/wp\/v2\/tags?post=11362"}],"curies":[{"name":"wp","href":"https:\/\/api.w.org\/{rel}","templated":true}]}}